{"id":138060,"date":"2015-05-03T11:12:13","date_gmt":"2015-05-03T09:12:13","guid":{"rendered":"http:\/\/www.fuldaer-nachrichten.de\/?p=138060"},"modified":"2015-05-03T11:12:13","modified_gmt":"2015-05-03T09:12:13","slug":"zwangloser-austausch-der-ehrenamtlichen-betreuerinnen-und-betreuer","status":"publish","type":"post","link":"https:\/\/www.fuldaernachrichten.de\/?p=138060","title":{"rendered":"Zwangloser Austausch der ehrenamtlichen Betreuerinnen und Betreuer"},"content":{"rendered":"<p>Als Dankesch\u00f6n f\u00fcr ihr Engagement hatte die Betreuungsstelle des Landkreises Fulda die ehrenamtlich t\u00e4tigen Betreuerinnen und Betreuer zu einer Kaffeerunde ins Kreishaus eingeladen. \u00dcber die H\u00e4lfte der rund 80 in den Betreuungsvereinen von Arbeiterwohlfahrt, VdK und Sozialdienst Katholischer Frauen organisierten Betreuerinnen und Betreuer waren der Einladung gefolgt.<\/p>\n<p>Die Mitarbeiterinnen der Betreuungsstelle, Manuela Gie\u00dfel und Sonja Giebenhein, hatten das Treffen vorbereitet, das erstmals in dieser Form statt und den gegenseitigen\u00c2\u00a0 Austausch f\u00f6rdern sollte. Ansonsten haben die von der Betreuungsstelle angebotenen Veranstaltungen eher einen fachlichen Charakter und dienen der Fortbildung der Betreuerinnen und Betreuer insbesondere in rechtlichen Fragen.<\/p>\n<p>In einem kurzen Gru\u00dfwort bezeichnete Erster Kreisbeigeordneter Dr. Heiko Wingenfeld den Einsatz der ehrenamtlichen Betreuer als nicht selbstverst\u00e4ndlich. Mitunter komme er einer Gratwanderung gleich. Regina Jehn-Nitsche, Sachgebietsleiterin der Betreuungsstelle, sprach den Anwesenden Lob und Anerkennung f\u00fcr ihr wertvolles Engagement aus. Auch im Namen der \u00fcbrigen ehrenamtlichen Betreuer dankte Bruno Fischer, Kalbach, f\u00fcr die Unterst\u00fctzung durch Stadt und Landkreis.<\/p>\n<p>F\u00fcr Menschen, die ihre pers\u00f6nlichen Angelegenheiten aufgrund von Krankheit oder Behinderung nicht mehr alleine erledigen k\u00f6nnen, bestellt das Amtsgericht Betreuer, die unter Wahrung des Selbstbestimmungsrechts der betroffenen Personen f\u00fcr diese handeln. Wenn keine Angeh\u00f6rigen oder sonstigen Vertrauenspersonen zur Verf\u00fcgung stehen und auch kein Berufsbetreuer notwendig ist, werden ehrenamtliche Betreuer eingesetzt.<\/p>\n<p>Ehrenamtliche Betreuer k\u00f6nnen zum Beispiel f\u00fcr Gesundheitsvorsorge, Verm\u00f6genssorge, Aufenthaltserlaubnis, Wohnungsfragen, Vertretung gegen\u00fcber Beh\u00f6rden, Versicherungen und sonstigen Einrichtungen sowie Rechte im Brief- und Postverkehr bestellt werden. Sie regeln die Angelegenheiten wie ein Berufsbetreuer, investieren jedoch h\u00e4ufig viel Zeit und Energie in den pers\u00f6nlichen Kontakt mit den Betroffenen.<\/p>\n<p>Aufgabe der Betreuungsstelle ist unter anderem die Unterst\u00fctzung der Betreuungsgerichte bei der Feststellung von aufkl\u00e4rungsbed\u00fcrftigen Sachverhalten einschlie\u00dflich Betreuervorschlag sowie die Beratung und Unterst\u00fctzung von Betreuern und Bevollm\u00e4chtigten. Bevor ehrenamtliche Betreuerinnen und Betreuer in konkreten F\u00e4llen vorgeschlagen werden k\u00f6nnen, absolvieren sie im Hinblick auf ihre komplexen Aufgaben eine mehrw\u00f6chige Schulung, die von den hiesigen Betreuungsvereinen angeboten wird. Die Entscheidung \u00fcber die Bestellung obliegt dem Gericht.<\/p>\n<p>Kontakt<br \/>\nDie Betreuungsstelle des Landkreises Fulda ist zu erreichen unter Telefon (0661)60006-1915, E-Mail betreuungsstelle@landkreis-fulda.de<\/p>\n","protected":false},"excerpt":{"rendered":"<div class=\"tmnf_excerpt\"><p>Als Dankesch\u00f6n f\u00fcr ihr Engagement hatte die Betreuungsstelle des Landkreises Fulda die ehrenamtlich t\u00e4tigen Betreuerinnen und Betreuer zu einer Kaffeerunde ins Kreishaus eingeladen. \u00dcber die H\u00e4lfte der rund 80 in den Betreuungsvereinen von Arbeiterwohlfahrt, VdK und Sozialdienst Katholischer Frauen organisierten Betreuerinnen und Betreuer waren der Einladung gefolgt. Die Mitarbeiterinnen der Betreuungsstelle, Manuela Gie\u00dfel und Sonja &hellip;<\/p>\n<\/div>","protected":false},"author":1,"featured_media":0,"comment_status":"closed","ping_status":"closed","sticky":false,"template":"","format":"standard","meta":{"footnotes":""},"categories":[1],"tags":[],"class_list":["post-138060","post","type-post","status-publish","format-standard","hentry","category-startseite"],"_links":{"self":[{"href":"https:\/\/www.fuldaernachrichten.de\/index.php?rest_route=\/wp\/v2\/posts\/138060","targetHints":{"allow":["GET"]}}],"collection":[{"href":"https:\/\/www.fuldaernachrichten.de\/index.php?rest_route=\/wp\/v2\/posts"}],"about":[{"href":"https:\/\/www.fuldaernachrichten.de\/index.php?rest_route=\/wp\/v2\/types\/post"}],"author":[{"embeddable":true,"href":"https:\/\/www.fuldaernachrichten.de\/index.php?rest_route=\/wp\/v2\/users\/1"}],"replies":[{"embeddable":true,"href":"https:\/\/www.fuldaernachrichten.de\/index.php?rest_route=%2Fwp%2Fv2%2Fcomments&post=138060"}],"version-history":[{"count":1,"href":"https:\/\/www.fuldaernachrichten.de\/index.php?rest_route=\/wp\/v2\/posts\/138060\/revisions"}],"predecessor-version":[{"id":138061,"href":"https:\/\/www.fuldaernachrichten.de\/index.php?rest_route=\/wp\/v2\/posts\/138060\/revisions\/138061"}],"wp:attachment":[{"href":"https:\/\/www.fuldaernachrichten.de\/index.php?rest_route=%2Fwp%2Fv2%2Fmedia&parent=138060"}],"wp:term":[{"taxonomy":"category","embeddable":true,"href":"https:\/\/www.fuldaernachrichten.de\/index.php?rest_route=%2Fwp%2Fv2%2Fcategories&post=138060"},{"taxonomy":"post_tag","embeddable":true,"href":"https:\/\/www.fuldaernachrichten.de\/index.php?rest_route=%2Fwp%2Fv2%2Ftags&post=138060"}],"curies":[{"name":"wp","href":"https:\/\/api.w.org\/{rel}","templated":true}]}}