{"id":138048,"date":"2015-05-02T09:08:25","date_gmt":"2015-05-02T07:08:25","guid":{"rendered":"http:\/\/www.fuldaer-nachrichten.de\/?p=138048"},"modified":"2015-05-02T09:09:52","modified_gmt":"2015-05-02T07:09:52","slug":"familienfreundliche-personalentwicklung-bei-der-kreisverwaltung","status":"publish","type":"post","link":"https:\/\/www.fuldaernachrichten.de\/?p=138048","title":{"rendered":"Familienfreundliche Personalentwicklung bei der Kreisverwaltung"},"content":{"rendered":"<p>Im Sinn einer familienfreundlichen Personalentwicklung h\u00e4lt die Kreisverwaltung den Kontakt zu den Mitarbeiterinnen und Mitarbeitern, die sich im Mutterschutz, Erziehungsurlaub oder Sonderurlaub befinden. So wird beispielsweise regelm\u00e4\u00dfig ein Beurlaubten-Vormittag angeboten. Auch beim letzten Mal hie\u00dfen Landrat Bernd Woide und Erster Kreisbeigeordneter Dr. Heiko Wingenfeld die zahlreich erschienenen M\u00fctter mit ihren Kindern willkommen und betonten, dass mit diesen Treffen die M\u00f6glichkeit geboten werden solle, sich \u00fcber Neuerungen beim Landkreis zu informieren. Reinhard Baumann von der Erziehungsberatungsstelle referierte \u00fcber das Thema\u00c2\u00a0 \u201eNicht geschimpft ist genug gelobt!?\u201c<\/p>\n","protected":false},"excerpt":{"rendered":"<div class=\"tmnf_excerpt\"><p>Im Sinn einer familienfreundlichen Personalentwicklung h\u00e4lt die Kreisverwaltung den Kontakt zu den Mitarbeiterinnen und Mitarbeitern, die sich im Mutterschutz, Erziehungsurlaub oder Sonderurlaub befinden. So wird beispielsweise regelm\u00e4\u00dfig ein Beurlaubten-Vormittag angeboten. Auch beim letzten Mal hie\u00dfen Landrat Bernd Woide und Erster Kreisbeigeordneter Dr. Heiko Wingenfeld die zahlreich erschienenen M\u00fctter mit ihren Kindern willkommen und betonten, dass &hellip;<\/p>\n<\/div>","protected":false},"author":1,"featured_media":138049,"comment_status":"closed","ping_status":"closed","sticky":false,"template":"","format":"standard","meta":{"footnotes":""},"categories":[1,29],"tags":[],"class_list":["post-138048","post","type-post","status-publish","format-standard","has-post-thumbnail","hentry","category-startseite","category-politik"],"_links":{"self":[{"href":"https:\/\/www.fuldaernachrichten.de\/index.php?rest_route=\/wp\/v2\/posts\/138048","targetHints":{"allow":["GET"]}}],"collection":[{"href":"https:\/\/www.fuldaernachrichten.de\/index.php?rest_route=\/wp\/v2\/posts"}],"about":[{"href":"https:\/\/www.fuldaernachrichten.de\/index.php?rest_route=\/wp\/v2\/types\/post"}],"author":[{"embeddable":true,"href":"https:\/\/www.fuldaernachrichten.de\/index.php?rest_route=\/wp\/v2\/users\/1"}],"replies":[{"embeddable":true,"href":"https:\/\/www.fuldaernachrichten.de\/index.php?rest_route=%2Fwp%2Fv2%2Fcomments&post=138048"}],"version-history":[{"count":1,"href":"https:\/\/www.fuldaernachrichten.de\/index.php?rest_route=\/wp\/v2\/posts\/138048\/revisions"}],"predecessor-version":[{"id":138050,"href":"https:\/\/www.fuldaernachrichten.de\/index.php?rest_route=\/wp\/v2\/posts\/138048\/revisions\/138050"}],"wp:featuredmedia":[{"embeddable":true,"href":"https:\/\/www.fuldaernachrichten.de\/index.php?rest_route=\/wp\/v2\/media\/138049"}],"wp:attachment":[{"href":"https:\/\/www.fuldaernachrichten.de\/index.php?rest_route=%2Fwp%2Fv2%2Fmedia&parent=138048"}],"wp:term":[{"taxonomy":"category","embeddable":true,"href":"https:\/\/www.fuldaernachrichten.de\/index.php?rest_route=%2Fwp%2Fv2%2Fcategories&post=138048"},{"taxonomy":"post_tag","embeddable":true,"href":"https:\/\/www.fuldaernachrichten.de\/index.php?rest_route=%2Fwp%2Fv2%2Ftags&post=138048"}],"curies":[{"name":"wp","href":"https:\/\/api.w.org\/{rel}","templated":true}]}}