{"id":138035,"date":"2015-05-01T01:26:22","date_gmt":"2015-04-30T23:26:22","guid":{"rendered":"http:\/\/www.fuldaer-nachrichten.de\/?p=138035"},"modified":"2015-05-01T01:26:22","modified_gmt":"2015-04-30T23:26:22","slug":"50-jahre-sg-sickels-banner-enthuellt","status":"publish","type":"post","link":"https:\/\/www.fuldaernachrichten.de\/?p=138035","title":{"rendered":"50 Jahre SG Sickels \u2013 Banner enth\u00fcllt"},"content":{"rendered":"<p><a href=\"http:\/\/www.fuldaer-nachrichten.de\/?attachment_id=138037\" rel=\"attachment wp-att-138037\"><img decoding=\"async\" class=\"alignleft size-medium wp-image-138037\" src=\"http:\/\/www.fuldaer-nachrichten.de\/wp-content\/uploads\/2015\/05\/IMG_3098-265x177.jpg\" alt=\"IMG_3098\" width=\"265\" height=\"177\" srcset=\"https:\/\/www.fuldaernachrichten.de\/wp-content\/uploads\/2015\/05\/IMG_3098-265x177.jpg 265w, https:\/\/www.fuldaernachrichten.de\/wp-content\/uploads\/2015\/05\/IMG_3098-600x400.jpg 600w, https:\/\/www.fuldaernachrichten.de\/wp-content\/uploads\/2015\/05\/IMG_3098.jpg 900w\" sizes=\"(max-width: 265px) 100vw, 265px\" \/><\/a>In diesem Jahr feiert die Sportgemeinschaft Sickels ihr 50 j\u00e4hriges Bestehen. Dies feiern die Mitglieder des Vereins im Fuldaer Westen mit einem einzigartigen Sportfestprogramm. Dieses enth\u00fcllten vergangenen Mittwoch die j\u00fcngsten und die beiden Gr\u00fcndungsmitglieder, Heini Walter und Otto Kracht bei einer kleinen Feierstunde an der Hauptkreuzung in Sickels.<\/p>\n<p>\u201eDurch unsere Gr\u00fcndungsmitglieder schauen auf 50 Jahre guter Sportarbeit zur\u00fcck. Aber der Verein hat auch eine gute Zukunft. Es spielen \u00fcber 130 Kinder in sieben verschiedenen Altersklassen \u2013 unterst\u00fctzt von 20 Freiwilligen und Betreuern \u2013 aktiv Fu\u00dfball. In der E-Jugend ist er zur Zeit Stadt-\/Kreis-\/Regionalmeister. Dies ist ein tolles Zeichen f\u00fcr unsere erfolgreiche Arbeit\u201c, sagte Rainer Sippel von der \u00d6ffentlichkeitsarbeit des Vereins.<\/p>\n<p><a href=\"http:\/\/www.fuldaer-nachrichten.de\/?attachment_id=138038\" rel=\"attachment wp-att-138038\"><img decoding=\"async\" class=\"alignleft size-medium wp-image-138038\" src=\"http:\/\/www.fuldaer-nachrichten.de\/wp-content\/uploads\/2015\/05\/IMG_3115-265x177.jpg\" alt=\"IMG_3115\" width=\"265\" height=\"177\" srcset=\"https:\/\/www.fuldaernachrichten.de\/wp-content\/uploads\/2015\/05\/IMG_3115-265x177.jpg 265w, https:\/\/www.fuldaernachrichten.de\/wp-content\/uploads\/2015\/05\/IMG_3115-600x400.jpg 600w, https:\/\/www.fuldaernachrichten.de\/wp-content\/uploads\/2015\/05\/IMG_3115.jpg 900w\" sizes=\"(max-width: 265px) 100vw, 265px\" \/><\/a>Das Sportfest beginnt am 29. Mai mit einem italienischen Abend mit den Rossinis. Tags darauf startet der Jugendspielbetrieb ab 9:00 Uhr. Ab 19:00 Uhr geben sich junge Nachwuchsbands bei der dritten Auflage des Nachwuchsfestivals \u201eRock am Bolzplatz\u201c die Ehre. Umrahmt werden sie von den Sickelser Zumba Girls und dem Singer und Songwriter Philip B\u00f6lter. Am 31. Mai findet nach dem \u00f6kumenischen Gottesdienst, der um 11:00 Uhr stattfindet, der Seniorenspielbetrieb statt. Am 1. Juni endet das Sportfest mit einem Spiel der Alten Herren um 18:00 mit anschlie\u00dfendem Haxenessen.<\/p>\n","protected":false},"excerpt":{"rendered":"<div class=\"tmnf_excerpt\"><p>In diesem Jahr feiert die Sportgemeinschaft Sickels ihr 50 j\u00e4hriges Bestehen. Dies feiern die Mitglieder des Vereins im Fuldaer Westen mit einem einzigartigen Sportfestprogramm. Dieses enth\u00fcllten vergangenen Mittwoch die j\u00fcngsten und die beiden Gr\u00fcndungsmitglieder, Heini Walter und Otto Kracht bei einer kleinen Feierstunde an der Hauptkreuzung in Sickels. \u201eDurch unsere Gr\u00fcndungsmitglieder schauen auf 50 Jahre &hellip;<\/p>\n<\/div>","protected":false},"author":1,"featured_media":138036,"comment_status":"closed","ping_status":"closed","sticky":false,"template":"","format":"standard","meta":{"footnotes":""},"categories":[1,46],"tags":[],"class_list":["post-138035","post","type-post","status-publish","format-standard","has-post-thumbnail","hentry","category-startseite","category-sport"],"_links":{"self":[{"href":"https:\/\/www.fuldaernachrichten.de\/index.php?rest_route=\/wp\/v2\/posts\/138035","targetHints":{"allow":["GET"]}}],"collection":[{"href":"https:\/\/www.fuldaernachrichten.de\/index.php?rest_route=\/wp\/v2\/posts"}],"about":[{"href":"https:\/\/www.fuldaernachrichten.de\/index.php?rest_route=\/wp\/v2\/types\/post"}],"author":[{"embeddable":true,"href":"https:\/\/www.fuldaernachrichten.de\/index.php?rest_route=\/wp\/v2\/users\/1"}],"replies":[{"embeddable":true,"href":"https:\/\/www.fuldaernachrichten.de\/index.php?rest_route=%2Fwp%2Fv2%2Fcomments&post=138035"}],"version-history":[{"count":1,"href":"https:\/\/www.fuldaernachrichten.de\/index.php?rest_route=\/wp\/v2\/posts\/138035\/revisions"}],"predecessor-version":[{"id":138039,"href":"https:\/\/www.fuldaernachrichten.de\/index.php?rest_route=\/wp\/v2\/posts\/138035\/revisions\/138039"}],"wp:featuredmedia":[{"embeddable":true,"href":"https:\/\/www.fuldaernachrichten.de\/index.php?rest_route=\/wp\/v2\/media\/138036"}],"wp:attachment":[{"href":"https:\/\/www.fuldaernachrichten.de\/index.php?rest_route=%2Fwp%2Fv2%2Fmedia&parent=138035"}],"wp:term":[{"taxonomy":"category","embeddable":true,"href":"https:\/\/www.fuldaernachrichten.de\/index.php?rest_route=%2Fwp%2Fv2%2Fcategories&post=138035"},{"taxonomy":"post_tag","embeddable":true,"href":"https:\/\/www.fuldaernachrichten.de\/index.php?rest_route=%2Fwp%2Fv2%2Ftags&post=138035"}],"curies":[{"name":"wp","href":"https:\/\/api.w.org\/{rel}","templated":true}]}}