{"id":138005,"date":"2015-04-30T15:30:00","date_gmt":"2015-04-30T13:30:00","guid":{"rendered":"http:\/\/www.fuldaer-nachrichten.de\/?p=138005"},"modified":"2015-04-30T15:30:00","modified_gmt":"2015-04-30T13:30:00","slug":"der-erste-schritt-zum-wiedereinstieg","status":"publish","type":"post","link":"https:\/\/www.fuldaernachrichten.de\/?p=138005","title":{"rendered":"Der erste Schritt zum Wiedereinstieg"},"content":{"rendered":"<p>Interessierte Frauen und M\u00e4nner haben am 7. Mai die M\u00f6glichkeit, an einem Seminar zum Thema beruflicher Wiedereinstieg nach Familienarbeit teilzunehmen. Die Arbeitsagentur m\u00f6chte mit diesem Angebot Berufsr\u00fcckkehrende bei der Bestimmung ihres Standortes und der Planung ihres Wiedereinstiegs unterst\u00fctzen. M\u00fctter und V\u00e4ter, die ihre berufliche T\u00e4tigkeit wegen der Betreuung von Kindern unterbrochen haben, erhalten Informationen zum Arbeitsmarkt, M\u00f6glichkeiten und Wege zum Wiedereinstieg in das Berufsleben sowie entsprechende Hilfen. Regionale Informationsangebote und M\u00f6glichkeiten der Selbstinformation werden ebenso thematisiert. Hinweise zu Minijobs und Kompetenzfeststellung runden das Informationsangebot ab. Das Seminar richtet sich auch an Arbeitnehmerinnen und Arbeitnehmer, die sich nach der Pflege von Angeh\u00f6rigen wieder beruflich orientieren m\u00f6chten. Die Veranstaltung beginnt um 10 Uhr (Dauer etwa eine Stunde) im Gruppenraum des Berufsinformationszentrum der Agentur f\u00fcr Arbeit in Fulda (Eingang \u00fcber Gambettagasse). Aufgrund der begrenzten Teilnehmerzahl ist eine Anmeldung erforderlich.<\/p>\n<p>Kontakt<br \/>\nTelefon: +49 6621 209 543<br \/>\nE-Mail: BadHersfeld-Fulda.BCA@arbeitsagentur.de<\/p>\n","protected":false},"excerpt":{"rendered":"<div class=\"tmnf_excerpt\"><p>Interessierte Frauen und M\u00e4nner haben am 7. Mai die M\u00f6glichkeit, an einem Seminar zum Thema beruflicher Wiedereinstieg nach Familienarbeit teilzunehmen. Die Arbeitsagentur m\u00f6chte mit diesem Angebot Berufsr\u00fcckkehrende bei der Bestimmung ihres Standortes und der Planung ihres Wiedereinstiegs unterst\u00fctzen. M\u00fctter und V\u00e4ter, die ihre berufliche T\u00e4tigkeit wegen der Betreuung von Kindern unterbrochen haben, erhalten Informationen zum &hellip;<\/p>\n<\/div>","protected":false},"author":1,"featured_media":0,"comment_status":"closed","ping_status":"closed","sticky":false,"template":"","format":"standard","meta":{"footnotes":""},"categories":[1,53],"tags":[],"class_list":["post-138005","post","type-post","status-publish","format-standard","hentry","category-startseite","category-bildung"],"_links":{"self":[{"href":"https:\/\/www.fuldaernachrichten.de\/index.php?rest_route=\/wp\/v2\/posts\/138005","targetHints":{"allow":["GET"]}}],"collection":[{"href":"https:\/\/www.fuldaernachrichten.de\/index.php?rest_route=\/wp\/v2\/posts"}],"about":[{"href":"https:\/\/www.fuldaernachrichten.de\/index.php?rest_route=\/wp\/v2\/types\/post"}],"author":[{"embeddable":true,"href":"https:\/\/www.fuldaernachrichten.de\/index.php?rest_route=\/wp\/v2\/users\/1"}],"replies":[{"embeddable":true,"href":"https:\/\/www.fuldaernachrichten.de\/index.php?rest_route=%2Fwp%2Fv2%2Fcomments&post=138005"}],"version-history":[{"count":1,"href":"https:\/\/www.fuldaernachrichten.de\/index.php?rest_route=\/wp\/v2\/posts\/138005\/revisions"}],"predecessor-version":[{"id":138006,"href":"https:\/\/www.fuldaernachrichten.de\/index.php?rest_route=\/wp\/v2\/posts\/138005\/revisions\/138006"}],"wp:attachment":[{"href":"https:\/\/www.fuldaernachrichten.de\/index.php?rest_route=%2Fwp%2Fv2%2Fmedia&parent=138005"}],"wp:term":[{"taxonomy":"category","embeddable":true,"href":"https:\/\/www.fuldaernachrichten.de\/index.php?rest_route=%2Fwp%2Fv2%2Fcategories&post=138005"},{"taxonomy":"post_tag","embeddable":true,"href":"https:\/\/www.fuldaernachrichten.de\/index.php?rest_route=%2Fwp%2Fv2%2Ftags&post=138005"}],"curies":[{"name":"wp","href":"https:\/\/api.w.org\/{rel}","templated":true}]}}