{"id":137987,"date":"2015-04-30T15:25:37","date_gmt":"2015-04-30T13:25:37","guid":{"rendered":"http:\/\/www.fuldaer-nachrichten.de\/?p=137987"},"modified":"2015-04-30T15:25:37","modified_gmt":"2015-04-30T13:25:37","slug":"positive-resonanz-auf-assistenten-forum-in-der-inlingua-sprachschule","status":"publish","type":"post","link":"https:\/\/www.fuldaernachrichten.de\/?p=137987","title":{"rendered":"Positive Resonanz auf Assistenten-Forum in der inlingua Sprachschule"},"content":{"rendered":"<p>Premiere feierte k\u00fcrzlich das Assistenten-Forum im Bildungsunternehmen Dr. Jordan: Gemeinsam hatten Auszubildende und Lehrkr\u00e4fte der inlingua Sprachschule Fulda diese Veranstaltung geplant und umgesetzt. Angesprochen waren Besucher, die sich f\u00fcr eine\u00c2\u00a0 Ausbildung zum staatlich gepr\u00fcften kaufm\u00e4nnischen Assistenten in den Fachrichtungen B\u00fcrowirtschaft und Fremdsprachensekretariat interessieren.<\/p>\n<p>Pr\u00e4sentationen zu den Themen\u00c2\u00a0\u201einterkulturelle Kommunikation\u201c und\u00c2\u00a0\u201eAusbildungseinheiten\u201c sowie Impulsvortr\u00e4ge \u00fcber \u201eGesundheit am Arbeitsplatz\u201c und \u201elebenslanges Lernen\u201c erg\u00e4nzten das Programm. Abgerundet wurde das Treffen durch musikalische Darbietungen, einen Wissenstest und eine Tombola mit attraktiven Preisen. An der Zweij\u00e4hrigen h\u00f6heren Berufsfachschule des Bildungsunternehmen Dr. Jordan k\u00f6nnen sich Jugendliche mit mittlerem Bildungsabschluss zum staatlich gepr\u00fcften kaufm\u00e4nnischen Assistenten in den Fachrichtungen B\u00fcrowirtschaft und Fremdsprachensekretariat ausbilden lassen. Zur sogenannten Assistenzausbildung ist der zus\u00e4tzliche Erwerb der Fachhochschulreife m\u00f6glich. \u00dcbrigens: Anl\u00e4sslich des Sommerfestes am Samstag, 13. Juni ist ein Treffen ehemaliger Sch\u00fcler aus diesem Ausbildungsbereich geplant. G\u00e4ste sind herzlich eingeladen.<\/p>\n","protected":false},"excerpt":{"rendered":"<div class=\"tmnf_excerpt\"><p>Premiere feierte k\u00fcrzlich das Assistenten-Forum im Bildungsunternehmen Dr. Jordan: Gemeinsam hatten Auszubildende und Lehrkr\u00e4fte der inlingua Sprachschule Fulda diese Veranstaltung geplant und umgesetzt. Angesprochen waren Besucher, die sich f\u00fcr eine\u00c2\u00a0 Ausbildung zum staatlich gepr\u00fcften kaufm\u00e4nnischen Assistenten in den Fachrichtungen B\u00fcrowirtschaft und Fremdsprachensekretariat interessieren. Pr\u00e4sentationen zu den Themen\u00c2\u00a0\u201einterkulturelle Kommunikation\u201c und\u00c2\u00a0\u201eAusbildungseinheiten\u201c sowie Impulsvortr\u00e4ge \u00fcber \u201eGesundheit am Arbeitsplatz\u201c &hellip;<\/p>\n<\/div>","protected":false},"author":1,"featured_media":137989,"comment_status":"closed","ping_status":"closed","sticky":false,"template":"","format":"standard","meta":{"footnotes":""},"categories":[1],"tags":[],"class_list":["post-137987","post","type-post","status-publish","format-standard","has-post-thumbnail","hentry","category-startseite"],"_links":{"self":[{"href":"https:\/\/www.fuldaernachrichten.de\/index.php?rest_route=\/wp\/v2\/posts\/137987","targetHints":{"allow":["GET"]}}],"collection":[{"href":"https:\/\/www.fuldaernachrichten.de\/index.php?rest_route=\/wp\/v2\/posts"}],"about":[{"href":"https:\/\/www.fuldaernachrichten.de\/index.php?rest_route=\/wp\/v2\/types\/post"}],"author":[{"embeddable":true,"href":"https:\/\/www.fuldaernachrichten.de\/index.php?rest_route=\/wp\/v2\/users\/1"}],"replies":[{"embeddable":true,"href":"https:\/\/www.fuldaernachrichten.de\/index.php?rest_route=%2Fwp%2Fv2%2Fcomments&post=137987"}],"version-history":[{"count":1,"href":"https:\/\/www.fuldaernachrichten.de\/index.php?rest_route=\/wp\/v2\/posts\/137987\/revisions"}],"predecessor-version":[{"id":137990,"href":"https:\/\/www.fuldaernachrichten.de\/index.php?rest_route=\/wp\/v2\/posts\/137987\/revisions\/137990"}],"wp:featuredmedia":[{"embeddable":true,"href":"https:\/\/www.fuldaernachrichten.de\/index.php?rest_route=\/wp\/v2\/media\/137989"}],"wp:attachment":[{"href":"https:\/\/www.fuldaernachrichten.de\/index.php?rest_route=%2Fwp%2Fv2%2Fmedia&parent=137987"}],"wp:term":[{"taxonomy":"category","embeddable":true,"href":"https:\/\/www.fuldaernachrichten.de\/index.php?rest_route=%2Fwp%2Fv2%2Fcategories&post=137987"},{"taxonomy":"post_tag","embeddable":true,"href":"https:\/\/www.fuldaernachrichten.de\/index.php?rest_route=%2Fwp%2Fv2%2Ftags&post=137987"}],"curies":[{"name":"wp","href":"https:\/\/api.w.org\/{rel}","templated":true}]}}