{"id":137968,"date":"2015-04-29T16:23:29","date_gmt":"2015-04-29T14:23:29","guid":{"rendered":"http:\/\/www.fuldaer-nachrichten.de\/?p=137968"},"modified":"2015-04-29T16:23:29","modified_gmt":"2015-04-29T14:23:29","slug":"spannende-diskussion-um-grosse-themen","status":"publish","type":"post","link":"https:\/\/www.fuldaernachrichten.de\/?p=137968","title":{"rendered":"Spannende Diskussion um gro\u00dfe Themen"},"content":{"rendered":"<p>\u201eDas hat aber jetzt mal richtig Spa\u00df gemacht.\u201c Die Bundestagsabgeordnete Birgit K\u00f6mpel (SPD) war voll des Lobes fu\u00cc\u02c6r die interessierten Schu\u00cc\u02c6lerinnen und Schu\u00cc\u02c6ler der beiden Politik-und-Wirtschaft-Leistungskurse der Lauterbacher Alexander-von-Humboldt-Schule. Die jungen M\u00e4nner und Frauen haben gerade die schriftlichen Abiturpru\u00cc\u02c6fungen absolviert. Aber von Zuru\u00cc\u02c6cklehnen und Desinteresse nach dem ersten Abistress war w\u00e4hrend des eineinhalbstu\u00cc\u02c6ndigen Besuches der Sozialdemokratin keine Spur.<br \/>\nArbeitswelt, Mindestlohn, Flu\u00cc\u02c6chtlingsproblematik, Griechenland, Freihandelsabkommen TTIP waren die gro\u00dfen Themen, die die Schu\u00cc\u02c6lerinnen und Schu\u00cc\u02c6ler ansprachen. Birgit K\u00f6mpel erkl\u00e4rte unter anderem, dass sie eine Abschaffung des \u201eSoli\u201c erstmal nicht beschlie\u00dfen wu\u00cc\u02c6rde. Weiterhin erkl\u00e4rte sie, dass das Freihandelsabkommen TTIP auch die Chance biete, Standards fu\u00cc\u02c6r Arbeitnehmer global festzulegen. Sie ging aber auch auf die Risiken und die negativen Aspekte eines solchen Abkommens ein. Und bei aller Kritik sei es unm\u00f6glich, alle Griechen als faul oder korrupt zu bezeichnen. Hier verbreite ein Teil der Boulevardpresse negative Stimmung.<\/p>\n<p>Interessant war die Diskussion um die Politikverdrossenheit bei jungen Menschen. \u201eEs gibt sicher Politiker, die denken, nichts fu\u00cc\u02c6r junge Leute tun zu mu\u00cc\u02c6ssen, weil die ja ohnehin nicht w\u00e4hlen gehen\u201c, sagte Birgit K\u00f6mpel, die sich natu\u00cc\u02c6rlich daru\u00cc\u02c6ber im Klaren war, dass Powi-Abiturienten sich wohltuend von einem Gros der Jugend abheben. Aber die Diskutanten waren sich des Problems natu\u00cc\u02c6rlich bewusst. So kam es dem Kreis der Schu\u00cc\u02c6ler der Vorschlag, das Fach Politik und Wirtschaft (Powi) zum Pflichtfach in der Oberstufe zu machen. \u201eIch halte dies fu\u00cc\u02c6r wichtiger als Sport oder Religion\u201c, sagte eine Schu\u00cc\u02c6lerin, die fu\u00cc\u02c6r diese Aussage Zustimmung aus dem Kreise ihrer Mitschu\u00cc\u02c6ler erhielt. Zwar ist Schule und Bildung Sache der L\u00e4nder, doch Birgit K\u00f6mpel versprach, diese Anregung an die Landespolitiker weiterzuleiten. K\u00f6mpels Dank zum Abschluss galt ihren Diskussionspartnern und ganz besonders den beiden Lehrkr\u00e4ften Gerd Ju\u00cc\u02c6ngling und Karsten Kr\u00e4mer, die die Veranstaltung organisiert hatten.<\/p>\n","protected":false},"excerpt":{"rendered":"<div class=\"tmnf_excerpt\"><p>\u201eDas hat aber jetzt mal richtig Spa\u00df gemacht.\u201c Die Bundestagsabgeordnete Birgit K\u00f6mpel (SPD) war voll des Lobes fu\u00cc\u02c6r die interessierten Schu\u00cc\u02c6lerinnen und Schu\u00cc\u02c6ler der beiden Politik-und-Wirtschaft-Leistungskurse der Lauterbacher Alexander-von-Humboldt-Schule. Die jungen M\u00e4nner und Frauen haben gerade die schriftlichen Abiturpru\u00cc\u02c6fungen absolviert. Aber von Zuru\u00cc\u02c6cklehnen und Desinteresse nach dem ersten Abistress war w\u00e4hrend des eineinhalbstu\u00cc\u02c6ndigen Besuches der &hellip;<\/p>\n<\/div>","protected":false},"author":1,"featured_media":137969,"comment_status":"closed","ping_status":"closed","sticky":false,"template":"","format":"standard","meta":{"footnotes":""},"categories":[1,29],"tags":[],"class_list":["post-137968","post","type-post","status-publish","format-standard","has-post-thumbnail","hentry","category-startseite","category-politik"],"_links":{"self":[{"href":"https:\/\/www.fuldaernachrichten.de\/index.php?rest_route=\/wp\/v2\/posts\/137968","targetHints":{"allow":["GET"]}}],"collection":[{"href":"https:\/\/www.fuldaernachrichten.de\/index.php?rest_route=\/wp\/v2\/posts"}],"about":[{"href":"https:\/\/www.fuldaernachrichten.de\/index.php?rest_route=\/wp\/v2\/types\/post"}],"author":[{"embeddable":true,"href":"https:\/\/www.fuldaernachrichten.de\/index.php?rest_route=\/wp\/v2\/users\/1"}],"replies":[{"embeddable":true,"href":"https:\/\/www.fuldaernachrichten.de\/index.php?rest_route=%2Fwp%2Fv2%2Fcomments&post=137968"}],"version-history":[{"count":1,"href":"https:\/\/www.fuldaernachrichten.de\/index.php?rest_route=\/wp\/v2\/posts\/137968\/revisions"}],"predecessor-version":[{"id":137970,"href":"https:\/\/www.fuldaernachrichten.de\/index.php?rest_route=\/wp\/v2\/posts\/137968\/revisions\/137970"}],"wp:featuredmedia":[{"embeddable":true,"href":"https:\/\/www.fuldaernachrichten.de\/index.php?rest_route=\/wp\/v2\/media\/137969"}],"wp:attachment":[{"href":"https:\/\/www.fuldaernachrichten.de\/index.php?rest_route=%2Fwp%2Fv2%2Fmedia&parent=137968"}],"wp:term":[{"taxonomy":"category","embeddable":true,"href":"https:\/\/www.fuldaernachrichten.de\/index.php?rest_route=%2Fwp%2Fv2%2Fcategories&post=137968"},{"taxonomy":"post_tag","embeddable":true,"href":"https:\/\/www.fuldaernachrichten.de\/index.php?rest_route=%2Fwp%2Fv2%2Ftags&post=137968"}],"curies":[{"name":"wp","href":"https:\/\/api.w.org\/{rel}","templated":true}]}}