{"id":137942,"date":"2015-04-29T15:46:40","date_gmt":"2015-04-29T13:46:40","guid":{"rendered":"http:\/\/www.fuldaer-nachrichten.de\/?p=137942"},"modified":"2015-04-29T15:46:40","modified_gmt":"2015-04-29T13:46:40","slug":"sabine-waschke-spd-kritik-an-europaeischer-abschottungspolitik","status":"publish","type":"post","link":"https:\/\/www.fuldaernachrichten.de\/?p=137942","title":{"rendered":"Sabine Waschke (SPD): Kritik an europ\u00e4ischer Abschottungspolitik"},"content":{"rendered":"<p>Die europapolitische Sprecherin der SPD-Landtagsfraktion Sabine Waschke hat die europ\u00e4ische Fl\u00fcchtlingspolitik ins Zentrum ihrer Erwiderung auf die Regierungserkl\u00e4rung von Europaministerin Lucia Puttrich gestellt. Der europ\u00e4ische Gipfel der vergangenen Woche stelle leider keinen Wendepunkt dar, die humanit\u00e4re Hilfe bleibe unzureichend. \u201eAls \u00fcberzeugte Europ\u00e4erin habe ich mich in den vergangenen Monaten manchmal f\u00fcr dieses Europa gesch\u00e4mt, denn es reicht nicht, f\u00fcr die Achtung der Menschw\u00fcrde und die Wahrung der Menschenrechte einzutreten. Man muss auch danach handeln \u2013 und das gilt insbesondere f\u00fcr eine humanit\u00e4re Fl\u00fcchtlingspolitik\u201c, sagte Waschke am Dienstag in Wiesbaden.<\/p>\n<p>Die SPD-Abgeordnete kritisierte, dass die Beschl\u00fcsse des Gipfels sowohl im Hinblick auf die Rettung von Schiffbr\u00fcchigen als auch im Hinblick auf die Verteilung von Fl\u00fcchtlingen auf alle EU-Staaten unzureichend seien. Zur Situation in Griechenland sagte Waschke, die Hauptlast habe bislang von den \u201eKleinen Leuten\u201c getragen werden m\u00fcssen. Strukturelle Probleme seien hingegen nicht gel\u00f6st worden. \u201eSteuerflucht, Steuerhinterziehung und Korruption m\u00fcssen ernsthaft bek\u00e4mpft werden\u201c, forderte Waschke. \u201eGriechenland muss seinen Verpflichtungen nachkommen \u2013 das ist unstrittig, aber umgekehrt braucht Griechenland neben Wachstumsimpulsen auch eine bessere Absicherung der Grundversorgung seiner Bev\u00f6lkerung, insbesondere was die Gesundheitsf\u00fcrsorge angeht\u201c, so die SPD-Abgeordnete.<\/p>\n<p>Die SPD begr\u00fc\u00dfe das geplante Investitionsprogramm der EU in H\u00f6he von 315 Mrd. Euro. \u201eIm Vergleich zu 2007 sind die Investitionen im EU-Raum um 73 Mrd. Euro zur\u00fcck eingebrochen \u2013 mit allen Konsequenzen f\u00fcr Wachstum und Besch\u00e4ftigung in den Mitgliedsstaaten. Nun ist es an der Zeit, Ma\u00dfnahmen f\u00fcr mehr Wachstum und Besch\u00e4ftigung zu ergreifen\u201c, sagte Waschke.<\/p>\n<p>Durch Garantien der EU sollten \u00f6ffentliche und private Investitionen ausgel\u00f6st werden &#8211; insbesondere f\u00fcr Projekte, die mit einem h\u00f6heren Risiko behaftet sind oder die nicht unmittelbar Profit abwerfen. \u201eWir werden sehr kritisch darauf achten, dass hier keine Mittel f\u00fcr Mitnahmeeffekte verloren gehen, sondern tats\u00e4chlich zus\u00e4tzliche Investitionen gef\u00f6rdert werden.<\/p>\n<p>Zum geplanten TTIP-Abkommen sagte Waschke, es bietet zum Beispiel die Chance, Arbeitnehmerrechte in den USA zu st\u00e4rken oder die ILO-Kernarbeitsnormen zu verankern. Markt\u00f6ffnung und erweiterter Wettbewerb d\u00fcrften aber nicht zu Lasten von Verbrauchersicherheit und Arbeitsbedingungen gehen und zur Herabsetzung oder Aufweichung europ\u00e4ischer Standards gehen.<\/p>\n<p>\u201eDie Daseinsvorsorge, das hei\u00dft Dienstleistungen von allgemeinem Interesse, muss nach wie vor in kommunaler Hand bleiben\u201c, forderte Waschke. Eine rote Linie sei f\u00fcr die Sozialdemokraten im Europ\u00e4ischen Parlament das sogenannte Investor-Staat-Streitschlichtungsverfahren (ISDS) \u2013 die Schiedsgerichte. \u201eDiese Schiedsgerichte sind nach meiner Auffassung daher nicht n\u00f6tig und gef\u00e4hrden eine wichtige S\u00e4ule unserer Demokratie!\u201c<\/p>\n<p>Waschke betonte, dass der Europ\u00e4ischen Union weiter eine wichtige friedenspolitische Rolle zukomme, was gerade zum 70. Jahrestag des Kriegsendes besonders betont werden m\u00fcsse. \u201eDie europ\u00e4ische Einigung hat uns Frieden gebracht.\u201c Gerade in dieser Hinsicht sei die wachsende Euro-Skepsis eine gro\u00dfe Herausforderung, der entschlossen entgegnet werden m\u00fcsse.<\/p>\n","protected":false},"excerpt":{"rendered":"<div class=\"tmnf_excerpt\"><p>Die europapolitische Sprecherin der SPD-Landtagsfraktion Sabine Waschke hat die europ\u00e4ische Fl\u00fcchtlingspolitik ins Zentrum ihrer Erwiderung auf die Regierungserkl\u00e4rung von Europaministerin Lucia Puttrich gestellt. Der europ\u00e4ische Gipfel der vergangenen Woche stelle leider keinen Wendepunkt dar, die humanit\u00e4re Hilfe bleibe unzureichend. \u201eAls \u00fcberzeugte Europ\u00e4erin habe ich mich in den vergangenen Monaten manchmal f\u00fcr dieses Europa gesch\u00e4mt, denn &hellip;<\/p>\n<\/div>","protected":false},"author":1,"featured_media":0,"comment_status":"closed","ping_status":"closed","sticky":false,"template":"","format":"standard","meta":{"footnotes":""},"categories":[1,29],"tags":[],"class_list":["post-137942","post","type-post","status-publish","format-standard","hentry","category-startseite","category-politik"],"_links":{"self":[{"href":"https:\/\/www.fuldaernachrichten.de\/index.php?rest_route=\/wp\/v2\/posts\/137942","targetHints":{"allow":["GET"]}}],"collection":[{"href":"https:\/\/www.fuldaernachrichten.de\/index.php?rest_route=\/wp\/v2\/posts"}],"about":[{"href":"https:\/\/www.fuldaernachrichten.de\/index.php?rest_route=\/wp\/v2\/types\/post"}],"author":[{"embeddable":true,"href":"https:\/\/www.fuldaernachrichten.de\/index.php?rest_route=\/wp\/v2\/users\/1"}],"replies":[{"embeddable":true,"href":"https:\/\/www.fuldaernachrichten.de\/index.php?rest_route=%2Fwp%2Fv2%2Fcomments&post=137942"}],"version-history":[{"count":1,"href":"https:\/\/www.fuldaernachrichten.de\/index.php?rest_route=\/wp\/v2\/posts\/137942\/revisions"}],"predecessor-version":[{"id":137943,"href":"https:\/\/www.fuldaernachrichten.de\/index.php?rest_route=\/wp\/v2\/posts\/137942\/revisions\/137943"}],"wp:attachment":[{"href":"https:\/\/www.fuldaernachrichten.de\/index.php?rest_route=%2Fwp%2Fv2%2Fmedia&parent=137942"}],"wp:term":[{"taxonomy":"category","embeddable":true,"href":"https:\/\/www.fuldaernachrichten.de\/index.php?rest_route=%2Fwp%2Fv2%2Fcategories&post=137942"},{"taxonomy":"post_tag","embeddable":true,"href":"https:\/\/www.fuldaernachrichten.de\/index.php?rest_route=%2Fwp%2Fv2%2Ftags&post=137942"}],"curies":[{"name":"wp","href":"https:\/\/api.w.org\/{rel}","templated":true}]}}