{"id":137933,"date":"2015-04-28T21:01:13","date_gmt":"2015-04-28T19:01:13","guid":{"rendered":"http:\/\/www.fuldaer-nachrichten.de\/?p=137933"},"modified":"2015-04-28T21:01:13","modified_gmt":"2015-04-28T19:01:13","slug":"zum-schulbesuch-ins-ausland","status":"publish","type":"post","link":"https:\/\/www.fuldaernachrichten.de\/?p=137933","title":{"rendered":"Zum Schulbesuch ins Ausland"},"content":{"rendered":"<p>Ein Jahr in einem anderen Land leben &#8211; f\u00fcr viele Sch\u00fcler ist das ein Herzenswunsch. Aber wann ist der beste Zeitpunkt f\u00fcr ein halbes oder ganzes Schuljahr im Ausland? Was sollte beachtet werden und welche L\u00e4nder sind m\u00f6glich? Welche Kosten kommen auf die Teilnehmer zu und was sind die Voraussetzungen f\u00fcr ein Stipendium? Frau Nicodemus vom gemeinn\u00fctzigen Verein AFS Interkulturelle Begegnungen e.V. informiert am Donnerstag, 7. Mai, von 16 bis 17.30 Uhr im Berufsinformationszentrum der Arbeitsagentur Fulda (Eingang Gambettagasse) \u00fcber akuelle Programmangebote, Stipendien sowie das Gastfamilienprogramm in Deutschland und berichtet von ihren Erfahrungen in einem von rund 50 m\u00f6glichen L\u00e4ndern. Eine Anmeldung ist nicht erforderlich.<\/p>\n","protected":false},"excerpt":{"rendered":"<div class=\"tmnf_excerpt\"><p>Ein Jahr in einem anderen Land leben &#8211; f\u00fcr viele Sch\u00fcler ist das ein Herzenswunsch. Aber wann ist der beste Zeitpunkt f\u00fcr ein halbes oder ganzes Schuljahr im Ausland? Was sollte beachtet werden und welche L\u00e4nder sind m\u00f6glich? Welche Kosten kommen auf die Teilnehmer zu und was sind die Voraussetzungen f\u00fcr ein Stipendium? Frau Nicodemus &hellip;<\/p>\n<\/div>","protected":false},"author":1,"featured_media":0,"comment_status":"closed","ping_status":"closed","sticky":false,"template":"","format":"standard","meta":{"footnotes":""},"categories":[1,53],"tags":[],"class_list":["post-137933","post","type-post","status-publish","format-standard","hentry","category-startseite","category-bildung"],"_links":{"self":[{"href":"https:\/\/www.fuldaernachrichten.de\/index.php?rest_route=\/wp\/v2\/posts\/137933","targetHints":{"allow":["GET"]}}],"collection":[{"href":"https:\/\/www.fuldaernachrichten.de\/index.php?rest_route=\/wp\/v2\/posts"}],"about":[{"href":"https:\/\/www.fuldaernachrichten.de\/index.php?rest_route=\/wp\/v2\/types\/post"}],"author":[{"embeddable":true,"href":"https:\/\/www.fuldaernachrichten.de\/index.php?rest_route=\/wp\/v2\/users\/1"}],"replies":[{"embeddable":true,"href":"https:\/\/www.fuldaernachrichten.de\/index.php?rest_route=%2Fwp%2Fv2%2Fcomments&post=137933"}],"version-history":[{"count":1,"href":"https:\/\/www.fuldaernachrichten.de\/index.php?rest_route=\/wp\/v2\/posts\/137933\/revisions"}],"predecessor-version":[{"id":137934,"href":"https:\/\/www.fuldaernachrichten.de\/index.php?rest_route=\/wp\/v2\/posts\/137933\/revisions\/137934"}],"wp:attachment":[{"href":"https:\/\/www.fuldaernachrichten.de\/index.php?rest_route=%2Fwp%2Fv2%2Fmedia&parent=137933"}],"wp:term":[{"taxonomy":"category","embeddable":true,"href":"https:\/\/www.fuldaernachrichten.de\/index.php?rest_route=%2Fwp%2Fv2%2Fcategories&post=137933"},{"taxonomy":"post_tag","embeddable":true,"href":"https:\/\/www.fuldaernachrichten.de\/index.php?rest_route=%2Fwp%2Fv2%2Ftags&post=137933"}],"curies":[{"name":"wp","href":"https:\/\/api.w.org\/{rel}","templated":true}]}}