{"id":137896,"date":"2015-04-28T20:52:02","date_gmt":"2015-04-28T18:52:02","guid":{"rendered":"http:\/\/www.fuldaer-nachrichten.de\/?p=137896"},"modified":"2015-04-28T20:52:02","modified_gmt":"2015-04-28T18:52:02","slug":"die-chemie-stimmt-sieben-schuelerinnen-sammeln-spannende-eindruecke-bei-weber-leucht","status":"publish","type":"post","link":"https:\/\/www.fuldaernachrichten.de\/?p=137896","title":{"rendered":"Die Chemie stimmt: Sieben Sch\u00fclerinnen sammeln spannende Eindr\u00fccke bei Weber &#038; Leucht"},"content":{"rendered":"<p><a href=\"http:\/\/www.fuldaer-nachrichten.de\/?attachment_id=137901\" rel=\"attachment wp-att-137901\"><img decoding=\"async\" class=\"alignleft size-medium wp-image-137901\" src=\"http:\/\/www.fuldaer-nachrichten.de\/wp-content\/uploads\/2015\/04\/weberleucht2-265x177.jpg\" alt=\"weberleucht2\" width=\"265\" height=\"177\" srcset=\"https:\/\/www.fuldaernachrichten.de\/wp-content\/uploads\/2015\/04\/weberleucht2-265x177.jpg 265w, https:\/\/www.fuldaernachrichten.de\/wp-content\/uploads\/2015\/04\/weberleucht2-600x400.jpg 600w, https:\/\/www.fuldaernachrichten.de\/wp-content\/uploads\/2015\/04\/weberleucht2.jpg 900w\" sizes=\"(max-width: 265px) 100vw, 265px\" \/><\/a>Einmal in einem richtigen Labor arbeiten, nat\u00fcrlich mitsamt wei\u00dfem Kittel und Schutzhandschuhen, umgeben von kompliziert aussehenden Ger\u00e4ten und geheimnisvoll anmutenden Chemikalien \u2013 f\u00fcr sieben M\u00e4dchen aus der Region hat sich dieser Traum am Girls\u00c2\u00b4 Day erf\u00fcllt. Im Pr\u00fcf- und Entwicklungslabor des Fuldaer Unternehmens Weber &amp; Leucht GmbH konnten sie in die spannende Welt der Textilchemie hineinschnuppern.<\/p>\n<p>\u201eGestalte Dein eigenes Tischtuch!\u201c hie\u00df eine der Aufgaben f\u00fcr die sieben Nachwuchs-Laborantinnen. Unter der fachkundigen Anleitung von Textil-Ingenieurin Stephanie Leucht f\u00fcllten die Sch\u00fclerinnen Metallsiebe mit verschiedenen Farben, um sie dann mit einem Rakel auf quadratische T\u00fccher aufzutragen. Eine farbenfrohe Angelegenheit, die f\u00fcr viel Spa\u00df und Experimentierfreude sorgte \u2013 und ganz nebenbei auch Kenntnisse \u00fcber Farbechtheit und F\u00e4rbeverfahren vermittelte. Au\u00dferdem durften die sieben M\u00e4dchen im Rahmen einer \u201equalitativen Faseranalyse\u201c verschiedenen Textilien mit Pinzette und Feuerzeug zu Leibe r\u00fccken, um anhand von Geruch, Brennverhalten und R\u00fcckst\u00e4nden festzustellen, um welche Art von Stoff es sich handelt.<\/p>\n<p>\u00dcber die Weber &amp; Leucht GmbH<\/p>\n<p>Die Weber &amp; Leucht GmbH mit Sitz in Fulda-Bronnzell ist ein unabh\u00e4ngiges Pr\u00fcf- und Entwicklungslabor, das sich unter anderem auf Tests f\u00fcr Wasch-, Reinigungs- und Pflegetechnik, Textilien- und Oberfl\u00e4chentechnik und die Entwicklung von innovativen Materialien und ingenieursorientierten Verfahrensl\u00f6sungen spezialisiert hat. Zum Kundenkreis von Stephanie und Thomas Leucht geh\u00f6ren neben heimischen Unternehmen auch international agierende Gro\u00dfkonzerne, die zur Qualit\u00e4tssicherung gerne auf die Expertise des osthessischen Labors zur\u00fcckgreifen.<\/p>\n","protected":false},"excerpt":{"rendered":"<div class=\"tmnf_excerpt\"><p>Einmal in einem richtigen Labor arbeiten, nat\u00fcrlich mitsamt wei\u00dfem Kittel und Schutzhandschuhen, umgeben von kompliziert aussehenden Ger\u00e4ten und geheimnisvoll anmutenden Chemikalien \u2013 f\u00fcr sieben M\u00e4dchen aus der Region hat sich dieser Traum am Girls\u00c2\u00b4 Day erf\u00fcllt. Im Pr\u00fcf- und Entwicklungslabor des Fuldaer Unternehmens Weber &amp; Leucht GmbH konnten sie in die spannende Welt der Textilchemie &hellip;<\/p>\n<\/div>","protected":false},"author":1,"featured_media":137900,"comment_status":"closed","ping_status":"closed","sticky":false,"template":"","format":"standard","meta":{"footnotes":""},"categories":[1,53,72],"tags":[],"class_list":["post-137896","post","type-post","status-publish","format-standard","has-post-thumbnail","hentry","category-startseite","category-bildung","category-jugend"],"_links":{"self":[{"href":"https:\/\/www.fuldaernachrichten.de\/index.php?rest_route=\/wp\/v2\/posts\/137896","targetHints":{"allow":["GET"]}}],"collection":[{"href":"https:\/\/www.fuldaernachrichten.de\/index.php?rest_route=\/wp\/v2\/posts"}],"about":[{"href":"https:\/\/www.fuldaernachrichten.de\/index.php?rest_route=\/wp\/v2\/types\/post"}],"author":[{"embeddable":true,"href":"https:\/\/www.fuldaernachrichten.de\/index.php?rest_route=\/wp\/v2\/users\/1"}],"replies":[{"embeddable":true,"href":"https:\/\/www.fuldaernachrichten.de\/index.php?rest_route=%2Fwp%2Fv2%2Fcomments&post=137896"}],"version-history":[{"count":1,"href":"https:\/\/www.fuldaernachrichten.de\/index.php?rest_route=\/wp\/v2\/posts\/137896\/revisions"}],"predecessor-version":[{"id":137902,"href":"https:\/\/www.fuldaernachrichten.de\/index.php?rest_route=\/wp\/v2\/posts\/137896\/revisions\/137902"}],"wp:featuredmedia":[{"embeddable":true,"href":"https:\/\/www.fuldaernachrichten.de\/index.php?rest_route=\/wp\/v2\/media\/137900"}],"wp:attachment":[{"href":"https:\/\/www.fuldaernachrichten.de\/index.php?rest_route=%2Fwp%2Fv2%2Fmedia&parent=137896"}],"wp:term":[{"taxonomy":"category","embeddable":true,"href":"https:\/\/www.fuldaernachrichten.de\/index.php?rest_route=%2Fwp%2Fv2%2Fcategories&post=137896"},{"taxonomy":"post_tag","embeddable":true,"href":"https:\/\/www.fuldaernachrichten.de\/index.php?rest_route=%2Fwp%2Fv2%2Ftags&post=137896"}],"curies":[{"name":"wp","href":"https:\/\/api.w.org\/{rel}","templated":true}]}}