{"id":137888,"date":"2015-04-28T20:49:40","date_gmt":"2015-04-28T18:49:40","guid":{"rendered":"http:\/\/www.fuldaer-nachrichten.de\/?p=137888"},"modified":"2015-04-28T20:49:40","modified_gmt":"2015-04-28T18:49:40","slug":"freie-plaetze-im-feriencamp","status":"publish","type":"post","link":"https:\/\/www.fuldaernachrichten.de\/?p=137888","title":{"rendered":"Freie Pl\u00e4tze im Feriencamp"},"content":{"rendered":"<p>Sechs Wochen Sommerferien dauern lang. Um Abwechslung hereinzubringen, bieten die Oblatenmissionare fu\u00cc\u02c6r Jungen und M\u00e4dchen im Alter von 9 \u2013 14 Jahren ein Feriencamp an. So werden zwei Klostercamps stattfinden: fu\u00cc\u02c6r Jungen vom 25. Juli &#8211; 1. August 2015 und anschlie\u00dfend fu\u00cc\u02c6r M\u00e4dchen vom 3.-10. August 2015. Ort dieser Feriencamps ist das St. Nikolauskloster in Ju\u00cc\u02c6chen. Noch sind Pl\u00e4tze frei!<\/p>\n<p>Was erwartet die Jungen und M\u00e4dchen? Kurz gesagt: Spiel, Spa\u00df, Action, Gemeinschaft, Freude am Glauben. Gemeinsame Aktionen sind z.B. Schwimmbadbesuche, Lagerfeuer und \u2013 je nach Wetter \u2013 eine \u00dcbernachtung im Freien. Und natu\u00cc\u02c6rlich kommen auch Zeiten hinzu, in denen gemeinsam u\u00cc\u02c6ber den christlichen Glauben nachgedacht wird.<\/p>\n<p>Seit mehreren Jahren werden die Klostercamps angeboten und stehen immer wieder unter einem neuen, interessanten Thema.<\/p>\n<p>Bewusst sind die Feriencamps offen fu\u00cc\u02c6r alle Jungen und M\u00e4dchen zwischen 9 und 14 Jahren. Der Teilnehmerbeitrag betr\u00e4gt 110 Euro (Geschwisterkinder zahlen 100 Euro). Anmeldungen und weitere Informationen sind erh\u00e4ltlich im OMI-Jugendbu\u00cc\u02c6ro in Hu\u00cc\u02c6nfeld: Tel. 06652\/94 700 \u2013 Mail: jugend@oblaten.de \u2013 Homepage: www.omi-jugend.de<\/p>\n","protected":false},"excerpt":{"rendered":"<div class=\"tmnf_excerpt\"><p>Sechs Wochen Sommerferien dauern lang. Um Abwechslung hereinzubringen, bieten die Oblatenmissionare fu\u00cc\u02c6r Jungen und M\u00e4dchen im Alter von 9 \u2013 14 Jahren ein Feriencamp an. So werden zwei Klostercamps stattfinden: fu\u00cc\u02c6r Jungen vom 25. Juli &#8211; 1. August 2015 und anschlie\u00dfend fu\u00cc\u02c6r M\u00e4dchen vom 3.-10. August 2015. Ort dieser Feriencamps ist das St. Nikolauskloster in &hellip;<\/p>\n<\/div>","protected":false},"author":1,"featured_media":0,"comment_status":"closed","ping_status":"closed","sticky":false,"template":"","format":"standard","meta":{"footnotes":""},"categories":[1,53,72,50],"tags":[],"class_list":["post-137888","post","type-post","status-publish","format-standard","hentry","category-startseite","category-bildung","category-jugend","category-kirche"],"_links":{"self":[{"href":"https:\/\/www.fuldaernachrichten.de\/index.php?rest_route=\/wp\/v2\/posts\/137888","targetHints":{"allow":["GET"]}}],"collection":[{"href":"https:\/\/www.fuldaernachrichten.de\/index.php?rest_route=\/wp\/v2\/posts"}],"about":[{"href":"https:\/\/www.fuldaernachrichten.de\/index.php?rest_route=\/wp\/v2\/types\/post"}],"author":[{"embeddable":true,"href":"https:\/\/www.fuldaernachrichten.de\/index.php?rest_route=\/wp\/v2\/users\/1"}],"replies":[{"embeddable":true,"href":"https:\/\/www.fuldaernachrichten.de\/index.php?rest_route=%2Fwp%2Fv2%2Fcomments&post=137888"}],"version-history":[{"count":1,"href":"https:\/\/www.fuldaernachrichten.de\/index.php?rest_route=\/wp\/v2\/posts\/137888\/revisions"}],"predecessor-version":[{"id":137892,"href":"https:\/\/www.fuldaernachrichten.de\/index.php?rest_route=\/wp\/v2\/posts\/137888\/revisions\/137892"}],"wp:attachment":[{"href":"https:\/\/www.fuldaernachrichten.de\/index.php?rest_route=%2Fwp%2Fv2%2Fmedia&parent=137888"}],"wp:term":[{"taxonomy":"category","embeddable":true,"href":"https:\/\/www.fuldaernachrichten.de\/index.php?rest_route=%2Fwp%2Fv2%2Fcategories&post=137888"},{"taxonomy":"post_tag","embeddable":true,"href":"https:\/\/www.fuldaernachrichten.de\/index.php?rest_route=%2Fwp%2Fv2%2Ftags&post=137888"}],"curies":[{"name":"wp","href":"https:\/\/api.w.org\/{rel}","templated":true}]}}