{"id":137884,"date":"2015-04-28T20:48:27","date_gmt":"2015-04-28T18:48:27","guid":{"rendered":"http:\/\/www.fuldaer-nachrichten.de\/?p=137884"},"modified":"2015-04-28T20:48:27","modified_gmt":"2015-04-28T18:48:27","slug":"fit-fuer-den-wiedereinstieg-ins-berufsleben-5","status":"publish","type":"post","link":"https:\/\/www.fuldaernachrichten.de\/?p=137884","title":{"rendered":"\u201eFit f\u00fcr den Wiedereinstieg ins Berufsleben\u201c"},"content":{"rendered":"<p>Interessierten Frauen bietet das Projekt des Frauenb\u00fcros \u201eFit f\u00fcr den Wiedereinstig ins Berufsleben\u201c unter anderem ein individuelles, kostenloses Beratungsgespr\u00e4ch an: Ein erster Schritt auf dem Weg zur\u00fcck in den Beruf.<\/p>\n<p>Der n\u00e4chste Beratungstermin findet am Dienstag, 5. Mai 2015, im Frauenzentrum statt. Ein Termin ist erforderlich. Die Vergabe erfolgt unter der Telefonnummer 0661 102-1042. F\u00fcr mehr Informationen: www.frauenbuero-fulda.de<\/p>\n","protected":false},"excerpt":{"rendered":"<div class=\"tmnf_excerpt\"><p>Interessierten Frauen bietet das Projekt des Frauenb\u00fcros \u201eFit f\u00fcr den Wiedereinstig ins Berufsleben\u201c unter anderem ein individuelles, kostenloses Beratungsgespr\u00e4ch an: Ein erster Schritt auf dem Weg zur\u00fcck in den Beruf. Der n\u00e4chste Beratungstermin findet am Dienstag, 5. Mai 2015, im Frauenzentrum statt. Ein Termin ist erforderlich. Die Vergabe erfolgt unter der Telefonnummer 0661 102-1042. F\u00fcr &hellip;<\/p>\n<\/div>","protected":false},"author":1,"featured_media":0,"comment_status":"closed","ping_status":"closed","sticky":false,"template":"","format":"standard","meta":{"footnotes":""},"categories":[1,53],"tags":[],"class_list":["post-137884","post","type-post","status-publish","format-standard","hentry","category-startseite","category-bildung"],"_links":{"self":[{"href":"https:\/\/www.fuldaernachrichten.de\/index.php?rest_route=\/wp\/v2\/posts\/137884","targetHints":{"allow":["GET"]}}],"collection":[{"href":"https:\/\/www.fuldaernachrichten.de\/index.php?rest_route=\/wp\/v2\/posts"}],"about":[{"href":"https:\/\/www.fuldaernachrichten.de\/index.php?rest_route=\/wp\/v2\/types\/post"}],"author":[{"embeddable":true,"href":"https:\/\/www.fuldaernachrichten.de\/index.php?rest_route=\/wp\/v2\/users\/1"}],"replies":[{"embeddable":true,"href":"https:\/\/www.fuldaernachrichten.de\/index.php?rest_route=%2Fwp%2Fv2%2Fcomments&post=137884"}],"version-history":[{"count":1,"href":"https:\/\/www.fuldaernachrichten.de\/index.php?rest_route=\/wp\/v2\/posts\/137884\/revisions"}],"predecessor-version":[{"id":137887,"href":"https:\/\/www.fuldaernachrichten.de\/index.php?rest_route=\/wp\/v2\/posts\/137884\/revisions\/137887"}],"wp:attachment":[{"href":"https:\/\/www.fuldaernachrichten.de\/index.php?rest_route=%2Fwp%2Fv2%2Fmedia&parent=137884"}],"wp:term":[{"taxonomy":"category","embeddable":true,"href":"https:\/\/www.fuldaernachrichten.de\/index.php?rest_route=%2Fwp%2Fv2%2Fcategories&post=137884"},{"taxonomy":"post_tag","embeddable":true,"href":"https:\/\/www.fuldaernachrichten.de\/index.php?rest_route=%2Fwp%2Fv2%2Ftags&post=137884"}],"curies":[{"name":"wp","href":"https:\/\/api.w.org\/{rel}","templated":true}]}}