{"id":137873,"date":"2015-04-28T20:45:25","date_gmt":"2015-04-28T18:45:25","guid":{"rendered":"http:\/\/www.fuldaer-nachrichten.de\/?p=137873"},"modified":"2015-04-28T20:45:25","modified_gmt":"2015-04-28T18:45:25","slug":"die-wilde-zora-in-loheland","status":"publish","type":"post","link":"https:\/\/www.fuldaernachrichten.de\/?p=137873","title":{"rendered":"\u201eDie wilde Zora\u201c in Loheland"},"content":{"rendered":"<p>Die Klasse 8 N der Rudolf-Steiner-Schule Loheland f\u00fchrt am 8. und 9. Mai 2015 jeweils um 19 Uhr im Franziskusbau in Loheland das St\u00fcck \u201eDie wilde Zora\u201c auf. Der Eintritt ist frei, \u00fcber Spenden freuen sich die Sch\u00fclerInnen. Unter der Leitung von Andreas Zemke wird frei nach der Erz\u00e4hlung \u201eDie rote Zora\u201c von Kurt Held eine B\u00fchnenfassung des Romans gespielt, in dem die Hoffnung auf Gerechtigkeit und G\u00fcte in der Welt noch nicht aufgegeben wird, was leider nicht immer so ganz den Lebenserfahrungen entspricht.<\/p>\n<p>Zum St\u00fcck:<br \/>\nWir schreiben das Jahr 1941. Der Kriegstod w\u00fctet in Europa und wo er nicht w\u00fctet, wie in der kleinen Stadt Senj an der Adria, da wird gehungert und gestorben, Kinder wachsen ohne Mutter und Vater, ganz auf sich allein gestellt, auf und viele sind heimatlos in der Heimat. Ein guter Boden f\u00fcr die Fischereigesellschaft, die die Armut der Bewohner ausnutzt und ihren Profit vervielfachen will. Einige verzweifelte Kinder b\u00e4umen sich auf und finden bei wenigen Bewohnern Senjs Hilfe und Unterst\u00fctzung. Doch die M\u00e4chtigen f\u00fchlen sich gest\u00f6rt und wollen die Bande der wilden Zora mit allen Mitteln ausschalten.<\/p>\n","protected":false},"excerpt":{"rendered":"<div class=\"tmnf_excerpt\"><p>Die Klasse 8 N der Rudolf-Steiner-Schule Loheland f\u00fchrt am 8. und 9. Mai 2015 jeweils um 19 Uhr im Franziskusbau in Loheland das St\u00fcck \u201eDie wilde Zora\u201c auf. Der Eintritt ist frei, \u00fcber Spenden freuen sich die Sch\u00fclerInnen. Unter der Leitung von Andreas Zemke wird frei nach der Erz\u00e4hlung \u201eDie rote Zora\u201c von Kurt Held &hellip;<\/p>\n<\/div>","protected":false},"author":1,"featured_media":0,"comment_status":"closed","ping_status":"closed","sticky":false,"template":"","format":"standard","meta":{"footnotes":""},"categories":[1,53,72,44],"tags":[],"class_list":["post-137873","post","type-post","status-publish","format-standard","hentry","category-startseite","category-bildung","category-jugend","category-kultur"],"_links":{"self":[{"href":"https:\/\/www.fuldaernachrichten.de\/index.php?rest_route=\/wp\/v2\/posts\/137873","targetHints":{"allow":["GET"]}}],"collection":[{"href":"https:\/\/www.fuldaernachrichten.de\/index.php?rest_route=\/wp\/v2\/posts"}],"about":[{"href":"https:\/\/www.fuldaernachrichten.de\/index.php?rest_route=\/wp\/v2\/types\/post"}],"author":[{"embeddable":true,"href":"https:\/\/www.fuldaernachrichten.de\/index.php?rest_route=\/wp\/v2\/users\/1"}],"replies":[{"embeddable":true,"href":"https:\/\/www.fuldaernachrichten.de\/index.php?rest_route=%2Fwp%2Fv2%2Fcomments&post=137873"}],"version-history":[{"count":1,"href":"https:\/\/www.fuldaernachrichten.de\/index.php?rest_route=\/wp\/v2\/posts\/137873\/revisions"}],"predecessor-version":[{"id":137874,"href":"https:\/\/www.fuldaernachrichten.de\/index.php?rest_route=\/wp\/v2\/posts\/137873\/revisions\/137874"}],"wp:attachment":[{"href":"https:\/\/www.fuldaernachrichten.de\/index.php?rest_route=%2Fwp%2Fv2%2Fmedia&parent=137873"}],"wp:term":[{"taxonomy":"category","embeddable":true,"href":"https:\/\/www.fuldaernachrichten.de\/index.php?rest_route=%2Fwp%2Fv2%2Fcategories&post=137873"},{"taxonomy":"post_tag","embeddable":true,"href":"https:\/\/www.fuldaernachrichten.de\/index.php?rest_route=%2Fwp%2Fv2%2Ftags&post=137873"}],"curies":[{"name":"wp","href":"https:\/\/api.w.org\/{rel}","templated":true}]}}