{"id":137864,"date":"2015-04-24T07:08:01","date_gmt":"2015-04-24T05:08:01","guid":{"rendered":"http:\/\/www.fuldaer-nachrichten.de\/?p=137864"},"modified":"2015-04-23T19:09:50","modified_gmt":"2015-04-23T17:09:50","slug":"zukunftstag-fuer-maedchen-und-jungen-stadtverwaltung-einen-schritt-voraus","status":"publish","type":"post","link":"https:\/\/www.fuldaernachrichten.de\/?p=137864","title":{"rendered":"Zukunftstag f\u00fcr M\u00e4dchen und Jungen &#8211; Stadtverwaltung einen Schritt voraus"},"content":{"rendered":"<p><a href=\"http:\/\/www.fuldaer-nachrichten.de\/?attachment_id=137866\" rel=\"attachment wp-att-137866\"><img fetchpriority=\"high\" decoding=\"async\" class=\"alignleft size-medium wp-image-137866\" src=\"http:\/\/www.fuldaer-nachrichten.de\/wp-content\/uploads\/2015\/04\/Ordnungspolizei-194x265.jpg\" alt=\"Ordnungspolizei\" width=\"194\" height=\"265\" srcset=\"https:\/\/www.fuldaernachrichten.de\/wp-content\/uploads\/2015\/04\/Ordnungspolizei-194x265.jpg 194w, https:\/\/www.fuldaernachrichten.de\/wp-content\/uploads\/2015\/04\/Ordnungspolizei-265x362.jpg 265w, https:\/\/www.fuldaernachrichten.de\/wp-content\/uploads\/2015\/04\/Ordnungspolizei-439x600.jpg 439w, https:\/\/www.fuldaernachrichten.de\/wp-content\/uploads\/2015\/04\/Ordnungspolizei.jpg 900w\" sizes=\"(max-width: 194px) 100vw, 194px\" \/><\/a>\u201eIch halte den Zukunftstag f\u00fcr M\u00e4dchen und Jungen f\u00fcr eine sehr gute Gelegenheit, sich in jungen Jahren ein Bild \u00fcber die zuk\u00fcnftige Berufswahl machen zu k\u00f6nnen\u201c, sagte Oberb\u00fcrgermeister Gerhard M\u00f6ller, als er die 25 M\u00e4dchen und Jungen im Stadtschloss empfing. Auch dieses Jahr fand der Girls\u00c2\u00b4und Boys\u00c2\u00b4Day in der Stadtverwaltung statt. Insgesamt nahmen 85 M\u00e4dchen und Jungen die Gelegenheit wahr, einen Einblick in die verschiedenen \u00c4mter der Verwaltung zu bekommen.<\/p>\n<p>Aufgeteilt auf Stadtschloss und Au\u00dfenstellen, verbrachten die Sch\u00fclerinnen und Sch\u00fcler einen spannenden und informationsreichen Tag. Zum Tagesprogramm geh\u00f6rte unter anderem, das Team des Ordnungsdienstes zu begleiten, oder Baustellen zu besichtigen. Die Jugendlichen waren auch mit dabei, als ein \u00dcbungsfeuer am Feuerwehrst\u00fctzpunkt Fulda Nord gel\u00f6scht werden musste.<\/p>\n<p><a href=\"http:\/\/www.fuldaer-nachrichten.de\/?attachment_id=137867\" rel=\"attachment wp-att-137867\"><img decoding=\"async\" class=\"alignleft size-medium wp-image-137867\" src=\"http:\/\/www.fuldaer-nachrichten.de\/wp-content\/uploads\/2015\/04\/Feuerwehr-265x126.jpg\" alt=\"Feuerwehr\" width=\"265\" height=\"126\" srcset=\"https:\/\/www.fuldaernachrichten.de\/wp-content\/uploads\/2015\/04\/Feuerwehr-265x126.jpg 265w, https:\/\/www.fuldaernachrichten.de\/wp-content\/uploads\/2015\/04\/Feuerwehr-600x285.jpg 600w, https:\/\/www.fuldaernachrichten.de\/wp-content\/uploads\/2015\/04\/Feuerwehr.jpg 900w\" sizes=\"(max-width: 265px) 100vw, 265px\" \/><\/a><\/p>\n","protected":false},"excerpt":{"rendered":"<div class=\"tmnf_excerpt\"><p>\u201eIch halte den Zukunftstag f\u00fcr M\u00e4dchen und Jungen f\u00fcr eine sehr gute Gelegenheit, sich in jungen Jahren ein Bild \u00fcber die zuk\u00fcnftige Berufswahl machen zu k\u00f6nnen\u201c, sagte Oberb\u00fcrgermeister Gerhard M\u00f6ller, als er die 25 M\u00e4dchen und Jungen im Stadtschloss empfing. Auch dieses Jahr fand der Girls\u00c2\u00b4und Boys\u00c2\u00b4Day in der Stadtverwaltung statt. Insgesamt nahmen 85 M\u00e4dchen &hellip;<\/p>\n<\/div>","protected":false},"author":1,"featured_media":137865,"comment_status":"closed","ping_status":"closed","sticky":false,"template":"","format":"standard","meta":{"footnotes":""},"categories":[1,53,72],"tags":[],"class_list":["post-137864","post","type-post","status-publish","format-standard","has-post-thumbnail","hentry","category-startseite","category-bildung","category-jugend"],"_links":{"self":[{"href":"https:\/\/www.fuldaernachrichten.de\/index.php?rest_route=\/wp\/v2\/posts\/137864","targetHints":{"allow":["GET"]}}],"collection":[{"href":"https:\/\/www.fuldaernachrichten.de\/index.php?rest_route=\/wp\/v2\/posts"}],"about":[{"href":"https:\/\/www.fuldaernachrichten.de\/index.php?rest_route=\/wp\/v2\/types\/post"}],"author":[{"embeddable":true,"href":"https:\/\/www.fuldaernachrichten.de\/index.php?rest_route=\/wp\/v2\/users\/1"}],"replies":[{"embeddable":true,"href":"https:\/\/www.fuldaernachrichten.de\/index.php?rest_route=%2Fwp%2Fv2%2Fcomments&post=137864"}],"version-history":[{"count":1,"href":"https:\/\/www.fuldaernachrichten.de\/index.php?rest_route=\/wp\/v2\/posts\/137864\/revisions"}],"predecessor-version":[{"id":137868,"href":"https:\/\/www.fuldaernachrichten.de\/index.php?rest_route=\/wp\/v2\/posts\/137864\/revisions\/137868"}],"wp:featuredmedia":[{"embeddable":true,"href":"https:\/\/www.fuldaernachrichten.de\/index.php?rest_route=\/wp\/v2\/media\/137865"}],"wp:attachment":[{"href":"https:\/\/www.fuldaernachrichten.de\/index.php?rest_route=%2Fwp%2Fv2%2Fmedia&parent=137864"}],"wp:term":[{"taxonomy":"category","embeddable":true,"href":"https:\/\/www.fuldaernachrichten.de\/index.php?rest_route=%2Fwp%2Fv2%2Fcategories&post=137864"},{"taxonomy":"post_tag","embeddable":true,"href":"https:\/\/www.fuldaernachrichten.de\/index.php?rest_route=%2Fwp%2Fv2%2Ftags&post=137864"}],"curies":[{"name":"wp","href":"https:\/\/api.w.org\/{rel}","templated":true}]}}