{"id":137850,"date":"2015-04-26T07:03:22","date_gmt":"2015-04-26T05:03:22","guid":{"rendered":"http:\/\/www.fuldaer-nachrichten.de\/?p=137850"},"modified":"2015-04-23T19:04:09","modified_gmt":"2015-04-23T17:04:09","slug":"spannende-aktivitaeten-beim-beim-girls-und-boys-day-in-der-desoi-gmbh","status":"publish","type":"post","link":"https:\/\/www.fuldaernachrichten.de\/?p=137850","title":{"rendered":"Spannende Aktivit\u00e4ten beim beim Girls&#8217;- und Boy&#8217;s Day in der DESOI GmbH"},"content":{"rendered":"<p><a href=\"http:\/\/www.fuldaer-nachrichten.de\/?attachment_id=137852\" rel=\"attachment wp-att-137852\"><img decoding=\"async\" class=\"alignleft size-medium wp-image-137852\" src=\"http:\/\/www.fuldaer-nachrichten.de\/wp-content\/uploads\/2015\/04\/011_Girlsday_DESOI_GmbH-265x176.jpg\" alt=\"011_Girlsday_DESOI_GmbH\" width=\"265\" height=\"176\" srcset=\"https:\/\/www.fuldaernachrichten.de\/wp-content\/uploads\/2015\/04\/011_Girlsday_DESOI_GmbH-265x176.jpg 265w, https:\/\/www.fuldaernachrichten.de\/wp-content\/uploads\/2015\/04\/011_Girlsday_DESOI_GmbH-600x399.jpg 600w, https:\/\/www.fuldaernachrichten.de\/wp-content\/uploads\/2015\/04\/011_Girlsday_DESOI_GmbH.jpg 900w\" sizes=\"(max-width: 265px) 100vw, 265px\" \/><\/a>Spannende Aktivit\u00e4ten standen f\u00fcr die Teilnehmer des Girls&#8217;- und Boy&#8217;s Day in der DESOI GmbH auf dem Programm. Drei M\u00e4dchen und ebenso viele Jungen haben sich an dem Aktionstag im Kalbacher Unternehmen beteiligt und lernten dort die Abl\u00e4ufe im B\u00fcro sowie in der Dreherei und in der Maschinenbau-Abteilung kennen. Dabei konnten die Jugendlichen auch selbst aktiv werden, als es galt, Maschinenbaugruppen zu montieren und in der Dreherei mit Hilfe eines CAD-Programms eine 3D-Zeichnung f\u00fcr ein individuelles Namensschild zu erstellen, das mit einer Fr\u00e4smaschine produziert wurde.<\/p>\n","protected":false},"excerpt":{"rendered":"<div class=\"tmnf_excerpt\"><p>Spannende Aktivit\u00e4ten standen f\u00fcr die Teilnehmer des Girls&#8217;- und Boy&#8217;s Day in der DESOI GmbH auf dem Programm. Drei M\u00e4dchen und ebenso viele Jungen haben sich an dem Aktionstag im Kalbacher Unternehmen beteiligt und lernten dort die Abl\u00e4ufe im B\u00fcro sowie in der Dreherei und in der Maschinenbau-Abteilung kennen. Dabei konnten die Jugendlichen auch selbst &hellip;<\/p>\n<\/div>","protected":false},"author":1,"featured_media":137851,"comment_status":"closed","ping_status":"closed","sticky":false,"template":"","format":"standard","meta":{"footnotes":""},"categories":[1,53,72],"tags":[],"class_list":["post-137850","post","type-post","status-publish","format-standard","has-post-thumbnail","hentry","category-startseite","category-bildung","category-jugend"],"_links":{"self":[{"href":"https:\/\/www.fuldaernachrichten.de\/index.php?rest_route=\/wp\/v2\/posts\/137850","targetHints":{"allow":["GET"]}}],"collection":[{"href":"https:\/\/www.fuldaernachrichten.de\/index.php?rest_route=\/wp\/v2\/posts"}],"about":[{"href":"https:\/\/www.fuldaernachrichten.de\/index.php?rest_route=\/wp\/v2\/types\/post"}],"author":[{"embeddable":true,"href":"https:\/\/www.fuldaernachrichten.de\/index.php?rest_route=\/wp\/v2\/users\/1"}],"replies":[{"embeddable":true,"href":"https:\/\/www.fuldaernachrichten.de\/index.php?rest_route=%2Fwp%2Fv2%2Fcomments&post=137850"}],"version-history":[{"count":1,"href":"https:\/\/www.fuldaernachrichten.de\/index.php?rest_route=\/wp\/v2\/posts\/137850\/revisions"}],"predecessor-version":[{"id":137853,"href":"https:\/\/www.fuldaernachrichten.de\/index.php?rest_route=\/wp\/v2\/posts\/137850\/revisions\/137853"}],"wp:featuredmedia":[{"embeddable":true,"href":"https:\/\/www.fuldaernachrichten.de\/index.php?rest_route=\/wp\/v2\/media\/137851"}],"wp:attachment":[{"href":"https:\/\/www.fuldaernachrichten.de\/index.php?rest_route=%2Fwp%2Fv2%2Fmedia&parent=137850"}],"wp:term":[{"taxonomy":"category","embeddable":true,"href":"https:\/\/www.fuldaernachrichten.de\/index.php?rest_route=%2Fwp%2Fv2%2Fcategories&post=137850"},{"taxonomy":"post_tag","embeddable":true,"href":"https:\/\/www.fuldaernachrichten.de\/index.php?rest_route=%2Fwp%2Fv2%2Ftags&post=137850"}],"curies":[{"name":"wp","href":"https:\/\/api.w.org\/{rel}","templated":true}]}}