{"id":137811,"date":"2015-04-27T07:00:39","date_gmt":"2015-04-27T05:00:39","guid":{"rendered":"http:\/\/www.fuldaer-nachrichten.de\/?p=137811"},"modified":"2015-04-23T14:45:04","modified_gmt":"2015-04-23T12:45:04","slug":"boys-und-girls-day-in-der-muetze","status":"publish","type":"post","link":"https:\/\/www.fuldaernachrichten.de\/?p=137811","title":{"rendered":"Boy\u00e2\u20ac\u2122s und Girl\u00e2\u20ac\u2122s Day in der \u201eM\u00dcTZE\u201c"},"content":{"rendered":"<p>Im M\u00fctterzentrum e. V. \u201eDie M\u00dcTZE\u201c in Fulda haben dieses Jahr zwei Sch\u00fclerinnen und ein Sch\u00fcler Einblick in das Berufsfeld des Erziehers bekommen. Die Sch\u00fcler lernten den Tagesablauf in der U3-Kinderkrippe \u201eMarienk\u00e4fer\u201c sowie in der Betreuungsgruppe \u201eDie Fl\u00f6he\u201c des Minikindergartens kennen. Sie wurden von den Kindern begeistert aufgenommen und gemeinsam hatten sie viel Spa\u00df beim Spielen, Basteln, Singen und Spazierengehen. <\/p>\n<p>Das M\u00fctterzentrum unterst\u00fctzt den Boy\u00e2\u20ac\u2122s und Girl\u00e2\u20ac\u2122s Day damit interessierte Jungs und M\u00e4dchen die M\u00f6glichkeit haben, sich ein eigenes Bild \u00fcber den Beruf des Erziehers bzw. der Erzieherin zu machen.<\/p>\n","protected":false},"excerpt":{"rendered":"<div class=\"tmnf_excerpt\"><p>Im M\u00fctterzentrum e. V. \u201eDie M\u00dcTZE\u201c in Fulda haben dieses Jahr zwei Sch\u00fclerinnen und ein Sch\u00fcler Einblick in das Berufsfeld des Erziehers bekommen. Die Sch\u00fcler lernten den Tagesablauf in der U3-Kinderkrippe \u201eMarienk\u00e4fer\u201c sowie in der Betreuungsgruppe \u201eDie Fl\u00f6he\u201c des Minikindergartens kennen. Sie wurden von den Kindern begeistert aufgenommen und gemeinsam hatten sie viel Spa\u00df beim &hellip;<\/p>\n<\/div>","protected":false},"author":1,"featured_media":137818,"comment_status":"closed","ping_status":"closed","sticky":false,"template":"","format":"standard","meta":{"footnotes":""},"categories":[1,53,72],"tags":[],"class_list":["post-137811","post","type-post","status-publish","format-standard","has-post-thumbnail","hentry","category-startseite","category-bildung","category-jugend"],"_links":{"self":[{"href":"https:\/\/www.fuldaernachrichten.de\/index.php?rest_route=\/wp\/v2\/posts\/137811","targetHints":{"allow":["GET"]}}],"collection":[{"href":"https:\/\/www.fuldaernachrichten.de\/index.php?rest_route=\/wp\/v2\/posts"}],"about":[{"href":"https:\/\/www.fuldaernachrichten.de\/index.php?rest_route=\/wp\/v2\/types\/post"}],"author":[{"embeddable":true,"href":"https:\/\/www.fuldaernachrichten.de\/index.php?rest_route=\/wp\/v2\/users\/1"}],"replies":[{"embeddable":true,"href":"https:\/\/www.fuldaernachrichten.de\/index.php?rest_route=%2Fwp%2Fv2%2Fcomments&post=137811"}],"version-history":[{"count":1,"href":"https:\/\/www.fuldaernachrichten.de\/index.php?rest_route=\/wp\/v2\/posts\/137811\/revisions"}],"predecessor-version":[{"id":137819,"href":"https:\/\/www.fuldaernachrichten.de\/index.php?rest_route=\/wp\/v2\/posts\/137811\/revisions\/137819"}],"wp:featuredmedia":[{"embeddable":true,"href":"https:\/\/www.fuldaernachrichten.de\/index.php?rest_route=\/wp\/v2\/media\/137818"}],"wp:attachment":[{"href":"https:\/\/www.fuldaernachrichten.de\/index.php?rest_route=%2Fwp%2Fv2%2Fmedia&parent=137811"}],"wp:term":[{"taxonomy":"category","embeddable":true,"href":"https:\/\/www.fuldaernachrichten.de\/index.php?rest_route=%2Fwp%2Fv2%2Fcategories&post=137811"},{"taxonomy":"post_tag","embeddable":true,"href":"https:\/\/www.fuldaernachrichten.de\/index.php?rest_route=%2Fwp%2Fv2%2Ftags&post=137811"}],"curies":[{"name":"wp","href":"https:\/\/api.w.org\/{rel}","templated":true}]}}