{"id":137745,"date":"2015-04-21T18:35:14","date_gmt":"2015-04-21T16:35:14","guid":{"rendered":"http:\/\/www.fuldaer-nachrichten.de\/?p=137745"},"modified":"2015-04-21T18:35:14","modified_gmt":"2015-04-21T16:35:14","slug":"ueberkonfessioneller-verein-laedt-am-freitag-zum-thema-hauptsache-gesund-nach-hilders-ein","status":"publish","type":"post","link":"https:\/\/www.fuldaernachrichten.de\/?p=137745","title":{"rendered":"\u00dcberkonfessioneller Verein l\u00e4dt am Freitag zum Thema \u201eHauptsache gesund\u201c nach Hilders ein"},"content":{"rendered":"<p>Als vor 16 Jahren das erste Mal die Tanner Rh\u00f6nhalle vom Verein \u201eFr\u00fchst\u00fcckstreffen f\u00fcr Frauen (FfF) in Deutschland\u201c angemietet wurde, prophezeite der st\u00e4dtische Sachbearbeiter der Veranstaltungsreihe kein langes Bestehen. Doch er irrte sich.<\/p>\n<p>Die ersten beiden Treffen hatten 1998 in Gastst\u00e4tten in Simmershausen stattgefunden; wegen der wachsenden G\u00e4stezahl wich die Tanner Ortsgruppe des bundesweiten Vereins auf die Rh\u00f6nhalle aus. Im Unterschied zu diversen Fr\u00fchst\u00fcckstreffen, die einzelne Kirchengemeinden ausrichten, handelt es sich bei \u201eFfF in Deutschland\u201c um einen \u00fcberkonfessionellen Verein. Mitglieder der katholischen und evangelischen Kirche sowie der Freien Christengemeinde sind in Tann  vertreten, der einzigen Ortsgruppe im Landkreis Fulda. \u201eDas macht mein Engagement hier f\u00fcr mich spannend: Man lernt andere Sichtweisen kennen\u201c, sagt Katholikin Uschi Schlereth aus Lahrbach.<\/p>\n<p>Am kommenden Freitag, 24. April, laden die zehn Frauen um 19 Uhr erstmals in den Ulstersaal nach Hilders ein, \u201eweil wir dort Raum f\u00fcr Tischgruppen und Buffettische f\u00fcr bis zu 200 Personen haben\u201c, begr\u00fcndet Koordinatorin Regina Fischer aus Hilders. Kein Novum dagegen ist, dass das \u201eFrauen-Fr\u00fchst\u00fcckstreffen\u201c abends mit warmem Essen und ausdr\u00fccklicher Einladung auch an M\u00e4nner erfolgt. Die Idee dazu wurde zum ersten Mal 2004 mit dem Vortragsthema \u201eM\u00e4nner sind anders, Frauen auch\u201c umgesetzt. Neben leckerem Essen \u2013 wobei das in Tann unter den Referentinnen und Referenten den Ruf genie\u00dfe, deutschlandweit das beste und reichhaltigste aller 200 Veranstalter zu sein \u2013 geh\u00f6ren zu jedem Treffen ein Referat, Musikst\u00fccke oder Sketsche und Zeit f\u00fcr Gespr\u00e4che an den Tischen. <\/p>\n<p>\u201eHauptsache gesund \u2013 stimmt nicht!\u201c lautet das Thema am Freitagabend, \u00fcber das der Theologe J\u00fcrgen Mette aus Marburg referiert. Sein Buch, in dem er \u00fcber sein Leben mit der Krankheit Parkinson schrieb, schaffte es 2013 schon kurz nach Erscheinen in die Spiegel-Bestsellerliste.<\/p>\n<p>Karten zum Preis von zw\u00f6lf Euro sind bei den Tourist-Informationen Tann und Hilders, bei Schreibwaren-Krenzer in Tann sowie der B\u00e4ckerei Kutzner in Geisa erh\u00e4ltlich. Informationen gibt es unter den Telefonnummern (06681)8362 oder (06682)1367. <\/p>\n<p>Zum Bild: Das Tanner Team des bundesweiten Vereins \u201eFr\u00fchst\u00fcckstreffen f\u00fcr Frauen\u201c: Martina Ulpts, Hanni Kettrukat, Anja Stitz, zweite und erste Koordinatorin Gerlinde Stumpf und Regina Fischer, Uschi Schlereth, Christina Schuchert und Almut L\u00f6sch (von links). Es fehlen Silke Hauke, Ursula Simon und Kassiererin Ute Leimbach.<\/p>\n","protected":false},"excerpt":{"rendered":"<div class=\"tmnf_excerpt\"><p>Als vor 16 Jahren das erste Mal die Tanner Rh\u00f6nhalle vom Verein \u201eFr\u00fchst\u00fcckstreffen f\u00fcr Frauen (FfF) in Deutschland\u201c angemietet wurde, prophezeite der st\u00e4dtische Sachbearbeiter der Veranstaltungsreihe kein langes Bestehen. Doch er irrte sich. Die ersten beiden Treffen hatten 1998 in Gastst\u00e4tten in Simmershausen stattgefunden; wegen der wachsenden G\u00e4stezahl wich die Tanner Ortsgruppe des bundesweiten Vereins &hellip;<\/p>\n<\/div>","protected":false},"author":1,"featured_media":137746,"comment_status":"closed","ping_status":"closed","sticky":false,"template":"","format":"standard","meta":{"footnotes":""},"categories":[1],"tags":[],"class_list":["post-137745","post","type-post","status-publish","format-standard","has-post-thumbnail","hentry","category-startseite"],"_links":{"self":[{"href":"https:\/\/www.fuldaernachrichten.de\/index.php?rest_route=\/wp\/v2\/posts\/137745","targetHints":{"allow":["GET"]}}],"collection":[{"href":"https:\/\/www.fuldaernachrichten.de\/index.php?rest_route=\/wp\/v2\/posts"}],"about":[{"href":"https:\/\/www.fuldaernachrichten.de\/index.php?rest_route=\/wp\/v2\/types\/post"}],"author":[{"embeddable":true,"href":"https:\/\/www.fuldaernachrichten.de\/index.php?rest_route=\/wp\/v2\/users\/1"}],"replies":[{"embeddable":true,"href":"https:\/\/www.fuldaernachrichten.de\/index.php?rest_route=%2Fwp%2Fv2%2Fcomments&post=137745"}],"version-history":[{"count":1,"href":"https:\/\/www.fuldaernachrichten.de\/index.php?rest_route=\/wp\/v2\/posts\/137745\/revisions"}],"predecessor-version":[{"id":137747,"href":"https:\/\/www.fuldaernachrichten.de\/index.php?rest_route=\/wp\/v2\/posts\/137745\/revisions\/137747"}],"wp:featuredmedia":[{"embeddable":true,"href":"https:\/\/www.fuldaernachrichten.de\/index.php?rest_route=\/wp\/v2\/media\/137746"}],"wp:attachment":[{"href":"https:\/\/www.fuldaernachrichten.de\/index.php?rest_route=%2Fwp%2Fv2%2Fmedia&parent=137745"}],"wp:term":[{"taxonomy":"category","embeddable":true,"href":"https:\/\/www.fuldaernachrichten.de\/index.php?rest_route=%2Fwp%2Fv2%2Fcategories&post=137745"},{"taxonomy":"post_tag","embeddable":true,"href":"https:\/\/www.fuldaernachrichten.de\/index.php?rest_route=%2Fwp%2Fv2%2Ftags&post=137745"}],"curies":[{"name":"wp","href":"https:\/\/api.w.org\/{rel}","templated":true}]}}