{"id":137738,"date":"2015-04-21T18:33:32","date_gmt":"2015-04-21T16:33:32","guid":{"rendered":"http:\/\/www.fuldaer-nachrichten.de\/?p=137738"},"modified":"2015-04-21T18:33:32","modified_gmt":"2015-04-21T16:33:32","slug":"zwei-ferienfreizeiten-partnerkreis-oberhavel-und-frankreich","status":"publish","type":"post","link":"https:\/\/www.fuldaernachrichten.de\/?p=137738","title":{"rendered":"Zwei Ferienfreizeiten: Partnerkreis Oberhavel und Frankreich"},"content":{"rendered":"<p>Auch dieses Jahr geht es vom 19. bis 28. August wieder nach Neuglobsow, um dort gemeinsam mit unserem Partnerkreis Oberhavel eine Kinderfreizeit zu veranstalten. Das Kinder- und Jugendzentrum liegt direkt am Stechlinsee, wo alle zusammen in kleinen Bungalows untergebracht werden. Bei hoffentlich sch\u00f6nem Wetter und mit dem See direkt vor der T\u00fcr steht einem tollen Sommerlaub mit Freunden nichts im Wege. Mitfahren k\u00f6nnen Kinder zwischen 9 und 12 Jahren, die Freizeit ist zuschussf\u00e4hig.<\/p>\n<p>Bon Voyage! Ab nach Frankreich geht es f\u00fcr Jugendliche zwischen 14 und 17 Jahren. Zw\u00f6lf Tage lang dauert die Ferienfreizeit, f\u00fcr die eine H\u00e4lfte wird der Campingplatz \u201eCamping La Brise\u201c in Saintes Maries de la Mer das Feriendomizil sein. Das Mittelmeer direkt vor der Nase, ist Relaxen und Erholung vom Schulstress der letzten Wochen angesagt. F\u00fcr die zweite H\u00e4lfte geht es auf den Campingplatz \u201eCamp Ard\u00e8che\u201c bei Vallon Pont d\u00e2\u20ac\u2122Arc direkt am Fluss. Dort ist dann Action angesagt, die Kanus stehen schon bereit. Aber auch Shoppingtrips in die nahegelegenen St\u00e4dte stehen auf dem Plan.<\/p>\n<p>Mehr Informationen gibt es beim Sachgebiet Jugendarbeit\/Jugendbildung unter 06641\/977-443 oder unter www.jugend.vogelsbergkreis.de.<\/p>\n","protected":false},"excerpt":{"rendered":"<div class=\"tmnf_excerpt\"><p>Auch dieses Jahr geht es vom 19. bis 28. August wieder nach Neuglobsow, um dort gemeinsam mit unserem Partnerkreis Oberhavel eine Kinderfreizeit zu veranstalten. Das Kinder- und Jugendzentrum liegt direkt am Stechlinsee, wo alle zusammen in kleinen Bungalows untergebracht werden. Bei hoffentlich sch\u00f6nem Wetter und mit dem See direkt vor der T\u00fcr steht einem tollen &hellip;<\/p>\n<\/div>","protected":false},"author":1,"featured_media":137739,"comment_status":"closed","ping_status":"closed","sticky":false,"template":"","format":"standard","meta":{"footnotes":""},"categories":[1,72],"tags":[],"class_list":["post-137738","post","type-post","status-publish","format-standard","has-post-thumbnail","hentry","category-startseite","category-jugend"],"_links":{"self":[{"href":"https:\/\/www.fuldaernachrichten.de\/index.php?rest_route=\/wp\/v2\/posts\/137738","targetHints":{"allow":["GET"]}}],"collection":[{"href":"https:\/\/www.fuldaernachrichten.de\/index.php?rest_route=\/wp\/v2\/posts"}],"about":[{"href":"https:\/\/www.fuldaernachrichten.de\/index.php?rest_route=\/wp\/v2\/types\/post"}],"author":[{"embeddable":true,"href":"https:\/\/www.fuldaernachrichten.de\/index.php?rest_route=\/wp\/v2\/users\/1"}],"replies":[{"embeddable":true,"href":"https:\/\/www.fuldaernachrichten.de\/index.php?rest_route=%2Fwp%2Fv2%2Fcomments&post=137738"}],"version-history":[{"count":1,"href":"https:\/\/www.fuldaernachrichten.de\/index.php?rest_route=\/wp\/v2\/posts\/137738\/revisions"}],"predecessor-version":[{"id":137740,"href":"https:\/\/www.fuldaernachrichten.de\/index.php?rest_route=\/wp\/v2\/posts\/137738\/revisions\/137740"}],"wp:featuredmedia":[{"embeddable":true,"href":"https:\/\/www.fuldaernachrichten.de\/index.php?rest_route=\/wp\/v2\/media\/137739"}],"wp:attachment":[{"href":"https:\/\/www.fuldaernachrichten.de\/index.php?rest_route=%2Fwp%2Fv2%2Fmedia&parent=137738"}],"wp:term":[{"taxonomy":"category","embeddable":true,"href":"https:\/\/www.fuldaernachrichten.de\/index.php?rest_route=%2Fwp%2Fv2%2Fcategories&post=137738"},{"taxonomy":"post_tag","embeddable":true,"href":"https:\/\/www.fuldaernachrichten.de\/index.php?rest_route=%2Fwp%2Fv2%2Ftags&post=137738"}],"curies":[{"name":"wp","href":"https:\/\/api.w.org\/{rel}","templated":true}]}}