{"id":137728,"date":"2015-04-21T18:29:05","date_gmt":"2015-04-21T16:29:05","guid":{"rendered":"http:\/\/www.fuldaer-nachrichten.de\/?p=137728"},"modified":"2015-04-21T18:29:05","modified_gmt":"2015-04-21T16:29:05","slug":"schwenk-sieht-hohe-planungsrechtliche-huerden-gegen-suedlink-in-huenfeld","status":"publish","type":"post","link":"https:\/\/www.fuldaernachrichten.de\/?p=137728","title":{"rendered":"Schwenk sieht hohe planungsrechtliche H\u00fcrden gegen \u201eSuedLink\u201c in H\u00fcnfeld"},"content":{"rendered":"<p>Die bisher vorgelegten Trassenvorschl\u00e4ge f\u00fcr den sogenannten \u201eSuedLink\u201c in H\u00fcnfeld und Burghaun treffen auf erhebliche \u201eRaumwiderst\u00e4nde\u201c und sind deshalb aus Sicht von H\u00fcnfelds B\u00fcrgermeister Stefan Schwenk planungsrechtlich nicht umsetzbar. Selbst bei einer Erdverkabelung best\u00fcnden durch die erforderlichen Abstandsfl\u00e4chen so viele Zwangspunkte, dass die bisherige Vorzugsvariante nicht umsetzbar sei. Die Stadt H\u00fcnfeld wolle diese Argumente gemeinsam mit der Gemeinde Burghaun bei einem Termin am 8. Mai  bei der Bundesnetzagentur in Bonn mit Nachdruck vertreten.<\/p>\n<p>Schwenk hat seinen Burghauner Amtskollegen Simon Sauerbier und die Mandatstr\u00e4gerin Gertraud Pfingstgr\u00e4f zu dem gemeinsamen Termin in Bonn eingeladen. Mit dabei ist auch Siegfried Weber, zust\u00e4ndig f\u00fcr Planungsrecht im Stadtbauamt.<\/p>\n<p>In ihrer Analyse hatte die Stadt H\u00fcnfeld zahlreiche sogenannte \u201eRaumwiderst\u00e4nde\u201c festgestellt, die nach den einschl\u00e4gigen planungsrechtlichen Vorschriften als sehr hoch oder hoch einzustufen sind. Diese betreffen beispielsweise die Abst\u00e4nde zu Wohn- und Mischbaufl\u00e4chen in Michelsrombach und Oberrombach, die Entwicklung der Industrie- und Gewerbefl\u00e4chen des Logistikgebiets Hessisches Kegelspiel  in Michelsrombach und am Fuldaer Weg, die Sport- und Freizeitst\u00e4tten, aber auch der gegenw\u00e4rtige Planungsstand zum Teilregionalplan Energie des Regierungspr\u00e4sidiums Kassel, das im Verlauf der Trasse Vorrangfl\u00e4chen f\u00fcr Windkraft vorsieht. Auch aus naturschutzfachlicher Sicht gibt es sogenannte Raumwiderst\u00e4nde, die mit hoch zu bewerten sind. Dazu geh\u00f6ren beispielsweise sch\u00fctzenswerte Waldgebiete, Vorrangfl\u00e4chen f\u00fcr Natur und Landschaft, aber auch Horststandorte seltener, sch\u00fctzenswerter V\u00f6gel wie Rotmilan, Schwarzstorch und Sperlingskauz. Au\u00dferdem w\u00fcrden durch die Planungen von Tennet Wasserschutzgebiete und naturschutzfachliche Kompensationsfl\u00e4chen betroffen. Daran wird aus Sicht von H\u00fcnfelds B\u00fcrgermeister Stefan Schwenk deutlich, dass die bisher vorgelegten Pl\u00e4ne von Tennet f\u00fcr den \u201eSuedLink\u201c offenbar mit hei\u00dfer Nadel gestrickt worden seien und den \u00f6rtlichen Gegebenheiten nicht Rechnung tr\u00fcgen.<\/p>\n<p>In ihren bisherigen Stellungnahmen hat sich die Stadt H\u00fcnfeld nach den Worten des B\u00fcrgermeisters daf\u00fcr ausgesprochen, die Fernstromleitung, sofern sie unabwendbar werde im Bereich des Buchfinkenlandes, mit der Schnellbahntrasse zu b\u00fcndeln, weil dann die geringsten Beeintr\u00e4chtigungen f\u00fcr die Bewohner zu bef\u00fcrchten seien.<\/p>\n<p>Er wolle gemeinsam mit Burghaun die Argumente aus \u00f6rtlicher Sicht bei der Bundesnetzagentur mit allem Nachdruck vortragen und hoffe, dass dies zu einer \u00dcberarbeitung der bislang vorliegenden Pl\u00e4ne beitragen werde, zumal die Bundesnetzagentur selbst dem potenziellen Betreiber TenneT bereits umfangreiche Nacharbeiten aufgegeben hatte, da die Planungen aus Sicht der Agentur M\u00e4ngel aufgewiesen hatten. W\u00fcrden die Kriterien der Raumwiderstandsanalyse bei der Pr\u00fcfung der Planung zugrunde gelegt, dann gelte sicherlich auch f\u00fcr das Buchfinkenland, dass der bisher vorgestellte Trassenkorridor nicht realisiert werden k\u00f6nne. Er werde mit allem Nachdruck darauf dr\u00e4ngen, dass diese gewichtigen Argumente bei der zust\u00e4ndigen Agentur in Bonn ber\u00fccksichtigt w\u00fcrden, wenn TenneT seine \u00fcberarbeiteten Planungen vorlege. <\/p>\n","protected":false},"excerpt":{"rendered":"<div class=\"tmnf_excerpt\"><p>Die bisher vorgelegten Trassenvorschl\u00e4ge f\u00fcr den sogenannten \u201eSuedLink\u201c in H\u00fcnfeld und Burghaun treffen auf erhebliche \u201eRaumwiderst\u00e4nde\u201c und sind deshalb aus Sicht von H\u00fcnfelds B\u00fcrgermeister Stefan Schwenk planungsrechtlich nicht umsetzbar. Selbst bei einer Erdverkabelung best\u00fcnden durch die erforderlichen Abstandsfl\u00e4chen so viele Zwangspunkte, dass die bisherige Vorzugsvariante nicht umsetzbar sei. Die Stadt H\u00fcnfeld wolle diese Argumente gemeinsam &hellip;<\/p>\n<\/div>","protected":false},"author":1,"featured_media":0,"comment_status":"closed","ping_status":"closed","sticky":false,"template":"","format":"standard","meta":{"footnotes":""},"categories":[1],"tags":[],"class_list":["post-137728","post","type-post","status-publish","format-standard","hentry","category-startseite"],"_links":{"self":[{"href":"https:\/\/www.fuldaernachrichten.de\/index.php?rest_route=\/wp\/v2\/posts\/137728","targetHints":{"allow":["GET"]}}],"collection":[{"href":"https:\/\/www.fuldaernachrichten.de\/index.php?rest_route=\/wp\/v2\/posts"}],"about":[{"href":"https:\/\/www.fuldaernachrichten.de\/index.php?rest_route=\/wp\/v2\/types\/post"}],"author":[{"embeddable":true,"href":"https:\/\/www.fuldaernachrichten.de\/index.php?rest_route=\/wp\/v2\/users\/1"}],"replies":[{"embeddable":true,"href":"https:\/\/www.fuldaernachrichten.de\/index.php?rest_route=%2Fwp%2Fv2%2Fcomments&post=137728"}],"version-history":[{"count":1,"href":"https:\/\/www.fuldaernachrichten.de\/index.php?rest_route=\/wp\/v2\/posts\/137728\/revisions"}],"predecessor-version":[{"id":137729,"href":"https:\/\/www.fuldaernachrichten.de\/index.php?rest_route=\/wp\/v2\/posts\/137728\/revisions\/137729"}],"wp:attachment":[{"href":"https:\/\/www.fuldaernachrichten.de\/index.php?rest_route=%2Fwp%2Fv2%2Fmedia&parent=137728"}],"wp:term":[{"taxonomy":"category","embeddable":true,"href":"https:\/\/www.fuldaernachrichten.de\/index.php?rest_route=%2Fwp%2Fv2%2Fcategories&post=137728"},{"taxonomy":"post_tag","embeddable":true,"href":"https:\/\/www.fuldaernachrichten.de\/index.php?rest_route=%2Fwp%2Fv2%2Ftags&post=137728"}],"curies":[{"name":"wp","href":"https:\/\/api.w.org\/{rel}","templated":true}]}}