{"id":137726,"date":"2015-04-21T18:28:22","date_gmt":"2015-04-21T16:28:22","guid":{"rendered":"http:\/\/www.fuldaer-nachrichten.de\/?p=137726"},"modified":"2015-04-21T18:28:22","modified_gmt":"2015-04-21T16:28:22","slug":"freie-plaetze-fuer-tagesfahrt-und-ferien-aktiv-wochen-anmeldungen-im-rathaus-moeglich-betreuer-werden-noch-gesucht","status":"publish","type":"post","link":"https:\/\/www.fuldaernachrichten.de\/?p=137726","title":{"rendered":"Freie Pl\u00e4tze f\u00fcr Tagesfahrt und \u201eFerien-Aktiv-Wochen\u201c &#8211; Anmeldungen im Rathaus m\u00f6glich &#8211; Betreuer werden noch gesucht"},"content":{"rendered":"<p>Sowohl bei den beiden Ferien-Aktiv-Wochen der Stadt H\u00fcnfeld als auch beim Tagesausflug f\u00fcr Jugendliche gibt es noch freie Pl\u00e4tze. Anmeldungen werden im H\u00fcnfelder Rathaus, Zimmer 201, im zweiten Obergeschoss entgegengenommen.<\/p>\n<p>Die erste Ferien-Aktiv-Woche vom 17. bis 21 August wendet sich an Kinder von 7 bis 10 Jahren, die zweite Woche vom 24. bis 28. August an Kinder von 9 bis 12 Jahren. Im  Teilnehmerbeitrag von 65 Euro sind alle Kosten f\u00fcr Verbrauchsmaterialien, die Mittagsverpflegung und einen attraktiven Ausflug enthalten. Der Tagesausflug f\u00fcr Jugendliche von 13 bis 16 Jahren geht am 26. August in den Holiday Park nach Ha\u00dfloch. Inklusive Busfahrt und Eintritt betr\u00e4gt der Teilnehmerbeitrag 35 Euro. <\/p>\n<p>Weiterhin werden noch Betreuerinnen und Betreuer f\u00fcr die Ferien-Aktiv-Wochen gesucht. Zum Zeitpunkt der Ferien-Aktiv-Wochen m\u00fcssen diese vollj\u00e4hrig sein. Interessierte\u00c2\u00a0k\u00f6nnen eine formlose Bewerbung mit einem Lebenslauf bis zum\u00c2\u00a030. April bei der Stadtverwaltung einreichen. F\u00fcr R\u00fcckfragen steht der Fachdienst Jugend, Kultur und Soziales im Rathaus, Telefon 06652\/180-142 (Doris Knoth) oder 180-144 (Andreas Kapelle) zur Verf\u00fcgung.<\/p>\n","protected":false},"excerpt":{"rendered":"<div class=\"tmnf_excerpt\"><p>Sowohl bei den beiden Ferien-Aktiv-Wochen der Stadt H\u00fcnfeld als auch beim Tagesausflug f\u00fcr Jugendliche gibt es noch freie Pl\u00e4tze. Anmeldungen werden im H\u00fcnfelder Rathaus, Zimmer 201, im zweiten Obergeschoss entgegengenommen. Die erste Ferien-Aktiv-Woche vom 17. bis 21 August wendet sich an Kinder von 7 bis 10 Jahren, die zweite Woche vom 24. bis 28. August &hellip;<\/p>\n<\/div>","protected":false},"author":1,"featured_media":0,"comment_status":"closed","ping_status":"closed","sticky":false,"template":"","format":"standard","meta":{"footnotes":""},"categories":[1,72],"tags":[],"class_list":["post-137726","post","type-post","status-publish","format-standard","hentry","category-startseite","category-jugend"],"_links":{"self":[{"href":"https:\/\/www.fuldaernachrichten.de\/index.php?rest_route=\/wp\/v2\/posts\/137726","targetHints":{"allow":["GET"]}}],"collection":[{"href":"https:\/\/www.fuldaernachrichten.de\/index.php?rest_route=\/wp\/v2\/posts"}],"about":[{"href":"https:\/\/www.fuldaernachrichten.de\/index.php?rest_route=\/wp\/v2\/types\/post"}],"author":[{"embeddable":true,"href":"https:\/\/www.fuldaernachrichten.de\/index.php?rest_route=\/wp\/v2\/users\/1"}],"replies":[{"embeddable":true,"href":"https:\/\/www.fuldaernachrichten.de\/index.php?rest_route=%2Fwp%2Fv2%2Fcomments&post=137726"}],"version-history":[{"count":1,"href":"https:\/\/www.fuldaernachrichten.de\/index.php?rest_route=\/wp\/v2\/posts\/137726\/revisions"}],"predecessor-version":[{"id":137727,"href":"https:\/\/www.fuldaernachrichten.de\/index.php?rest_route=\/wp\/v2\/posts\/137726\/revisions\/137727"}],"wp:attachment":[{"href":"https:\/\/www.fuldaernachrichten.de\/index.php?rest_route=%2Fwp%2Fv2%2Fmedia&parent=137726"}],"wp:term":[{"taxonomy":"category","embeddable":true,"href":"https:\/\/www.fuldaernachrichten.de\/index.php?rest_route=%2Fwp%2Fv2%2Fcategories&post=137726"},{"taxonomy":"post_tag","embeddable":true,"href":"https:\/\/www.fuldaernachrichten.de\/index.php?rest_route=%2Fwp%2Fv2%2Ftags&post=137726"}],"curies":[{"name":"wp","href":"https:\/\/api.w.org\/{rel}","templated":true}]}}