{"id":137708,"date":"2015-04-21T09:19:16","date_gmt":"2015-04-21T07:19:16","guid":{"rendered":"http:\/\/www.fuldaer-nachrichten.de\/?p=137708"},"modified":"2015-04-21T09:19:24","modified_gmt":"2015-04-21T07:19:24","slug":"verstaerkung-an-nachwuchs-und-fachkraefte-gesucht-rs-laedt-am-23-april-zu-einem-karriere-abend-ein","status":"publish","type":"post","link":"https:\/\/www.fuldaernachrichten.de\/?p=137708","title":{"rendered":"Verst\u00e4rkung an Nachwuchs- und Fachkr\u00e4fte gesucht &#8211; R+S l\u00e4dt am 23. April zu einem Karriere-Abend ein"},"content":{"rendered":"<p>\u00ef\u00bb\u00bfZu einem Informationsabend fu\u00cc\u02c6r Bewerber unter dem Motto \u201eWiR+Suchen Verst\u00e4rkung\u201c l\u00e4dt R+S am Donnerstag, 23. April, von 18 bis 21 Uhr in die R+S-Bildungsakademie im Fuldaer Mu\u00cc\u02c6nsterfeld \u2013 Flemingstra\u00dfe 20-22 \u2013 ein.<\/p>\n<p>\u201eWir m\u00f6chten Schu\u00cc\u02c6lerinnen und Schu\u00cc\u02c6lern in der Berufsorientierung, aber auch Fachkr\u00e4ften die M\u00f6glichkeit bieten, unsere Unternehmensgruppe ganz ungezwungen kennenzulernen\u201c, sagt R+S-Personalvorstand Susanne Hahn. In lockerer Atmosph\u00e4re stellen Auszubildende in Kurzportraits ihre Berufe vor und es besteht die M\u00f6glichkeit, direkt mit den Azubis, Ausbildern und Fachkr\u00e4ften zu sprechen, um mehr u\u00cc\u02c6ber die Perspektiven bei R+S zu erfahren.<\/p>\n<p>\u201eIn unserer Azubiwerkstatt k\u00f6nnen Jugendliche herausfinden, ob bislang angedachte Berufe fu\u00cc\u02c6r sie geeignet sind. Auch Eltern sind zu diesem Abend herzlich eingeladen\u201c, so Personalreferentin Katja Martini. Fachkr\u00e4fte, die bereits ihre Ausbildung abgeschlossen haben, mitten im Berufsleben stehen oder zur Generation 50+ geh\u00f6ren sind zu dem Karriere-Abend ebenfalls herzlich eingeladen. \u201eWir m\u00f6chten Interessenten an diesem Abend erm\u00f6glichen, heute schon ihre Kollegen von morgen kennenzulernen und in entspannter Atmosph\u00e4re ein erstes Gespr\u00e4ch zu fu\u00cc\u02c6hren\u201c, hebt Susanne Hahn hervor. Und keine Bange: R+S sucht nicht die perfekte Bewerbungsmappe, sondern neue Nachwuchs- und Fachkr\u00e4fte!<\/p>\n<p>Weiteres Highlight: Vor Ort besteht die Gelegenheit, professionelle Bewerbungsfotos erstellen zu lassen \u2013 natu\u00cc\u02c6rlich kostenfrei. Weitere Informationen unter www.rs-karriere.net<\/p>\n","protected":false},"excerpt":{"rendered":"<div class=\"tmnf_excerpt\"><p>\u00ef\u00bb\u00bfZu einem Informationsabend fu\u00cc\u02c6r Bewerber unter dem Motto \u201eWiR+Suchen Verst\u00e4rkung\u201c l\u00e4dt R+S am Donnerstag, 23. April, von 18 bis 21 Uhr in die R+S-Bildungsakademie im Fuldaer Mu\u00cc\u02c6nsterfeld \u2013 Flemingstra\u00dfe 20-22 \u2013 ein. \u201eWir m\u00f6chten Schu\u00cc\u02c6lerinnen und Schu\u00cc\u02c6lern in der Berufsorientierung, aber auch Fachkr\u00e4ften die M\u00f6glichkeit bieten, unsere Unternehmensgruppe ganz ungezwungen kennenzulernen\u201c, sagt R+S-Personalvorstand Susanne Hahn. &hellip;<\/p>\n<\/div>","protected":false},"author":1,"featured_media":0,"comment_status":"closed","ping_status":"closed","sticky":false,"template":"","format":"standard","meta":{"footnotes":""},"categories":[1,53],"tags":[],"class_list":["post-137708","post","type-post","status-publish","format-standard","hentry","category-startseite","category-bildung"],"_links":{"self":[{"href":"https:\/\/www.fuldaernachrichten.de\/index.php?rest_route=\/wp\/v2\/posts\/137708","targetHints":{"allow":["GET"]}}],"collection":[{"href":"https:\/\/www.fuldaernachrichten.de\/index.php?rest_route=\/wp\/v2\/posts"}],"about":[{"href":"https:\/\/www.fuldaernachrichten.de\/index.php?rest_route=\/wp\/v2\/types\/post"}],"author":[{"embeddable":true,"href":"https:\/\/www.fuldaernachrichten.de\/index.php?rest_route=\/wp\/v2\/users\/1"}],"replies":[{"embeddable":true,"href":"https:\/\/www.fuldaernachrichten.de\/index.php?rest_route=%2Fwp%2Fv2%2Fcomments&post=137708"}],"version-history":[{"count":2,"href":"https:\/\/www.fuldaernachrichten.de\/index.php?rest_route=\/wp\/v2\/posts\/137708\/revisions"}],"predecessor-version":[{"id":137712,"href":"https:\/\/www.fuldaernachrichten.de\/index.php?rest_route=\/wp\/v2\/posts\/137708\/revisions\/137712"}],"wp:attachment":[{"href":"https:\/\/www.fuldaernachrichten.de\/index.php?rest_route=%2Fwp%2Fv2%2Fmedia&parent=137708"}],"wp:term":[{"taxonomy":"category","embeddable":true,"href":"https:\/\/www.fuldaernachrichten.de\/index.php?rest_route=%2Fwp%2Fv2%2Fcategories&post=137708"},{"taxonomy":"post_tag","embeddable":true,"href":"https:\/\/www.fuldaernachrichten.de\/index.php?rest_route=%2Fwp%2Fv2%2Ftags&post=137708"}],"curies":[{"name":"wp","href":"https:\/\/api.w.org\/{rel}","templated":true}]}}