{"id":137705,"date":"2015-04-21T09:17:32","date_gmt":"2015-04-21T07:17:32","guid":{"rendered":"http:\/\/www.fuldaer-nachrichten.de\/?p=137705"},"modified":"2015-04-21T09:17:32","modified_gmt":"2015-04-21T07:17:32","slug":"italienisch-fuer-die-reise","status":"publish","type":"post","link":"https:\/\/www.fuldaernachrichten.de\/?p=137705","title":{"rendered":"Italienisch f\u00fcr die Reise"},"content":{"rendered":"<p>Ein Kompaktkurs der Volkshochschule des Vogelsbergkreises findet ab 9. Mai, samstags von 9.00 bis 12.15 Uhr (insgesamt vier Termine) in Lauterbach statt. In diesem Kurs,  den man auch ohne Vorkenntnisse buchen kann, werden speziell die Redemittel f\u00fcr die wichtigsten &#8220;touristischen&#8221; Situationen ge\u00fcbt. Durch h\u00e4ufiges Wiederholen wird das Gelernte gefestigt. Im Unterrichtsmaterial, das im Kurspreis bereits enthalten ist, wird besonders auf kulturelle Aspekte und Unterschiede eingegangen.<br \/>\nVerbindliche Anmeldung bis: 30.04.2015<\/p>\n<p>Weitere Informationen und Anmeldungen: vhs, F\u00e4rbergasse 2, 36304 Alsfeld, Telefon 06631 792-7700 oder im Internet www.vhs-vogelsberg.de<\/p>\n","protected":false},"excerpt":{"rendered":"<div class=\"tmnf_excerpt\"><p>Ein Kompaktkurs der Volkshochschule des Vogelsbergkreises findet ab 9. Mai, samstags von 9.00 bis 12.15 Uhr (insgesamt vier Termine) in Lauterbach statt. In diesem Kurs, den man auch ohne Vorkenntnisse buchen kann, werden speziell die Redemittel f\u00fcr die wichtigsten &#8220;touristischen&#8221; Situationen ge\u00fcbt. Durch h\u00e4ufiges Wiederholen wird das Gelernte gefestigt. Im Unterrichtsmaterial, das im Kurspreis bereits &hellip;<\/p>\n<\/div>","protected":false},"author":1,"featured_media":0,"comment_status":"closed","ping_status":"closed","sticky":false,"template":"","format":"standard","meta":{"footnotes":""},"categories":[1,53],"tags":[],"class_list":["post-137705","post","type-post","status-publish","format-standard","hentry","category-startseite","category-bildung"],"_links":{"self":[{"href":"https:\/\/www.fuldaernachrichten.de\/index.php?rest_route=\/wp\/v2\/posts\/137705","targetHints":{"allow":["GET"]}}],"collection":[{"href":"https:\/\/www.fuldaernachrichten.de\/index.php?rest_route=\/wp\/v2\/posts"}],"about":[{"href":"https:\/\/www.fuldaernachrichten.de\/index.php?rest_route=\/wp\/v2\/types\/post"}],"author":[{"embeddable":true,"href":"https:\/\/www.fuldaernachrichten.de\/index.php?rest_route=\/wp\/v2\/users\/1"}],"replies":[{"embeddable":true,"href":"https:\/\/www.fuldaernachrichten.de\/index.php?rest_route=%2Fwp%2Fv2%2Fcomments&post=137705"}],"version-history":[{"count":1,"href":"https:\/\/www.fuldaernachrichten.de\/index.php?rest_route=\/wp\/v2\/posts\/137705\/revisions"}],"predecessor-version":[{"id":137707,"href":"https:\/\/www.fuldaernachrichten.de\/index.php?rest_route=\/wp\/v2\/posts\/137705\/revisions\/137707"}],"wp:attachment":[{"href":"https:\/\/www.fuldaernachrichten.de\/index.php?rest_route=%2Fwp%2Fv2%2Fmedia&parent=137705"}],"wp:term":[{"taxonomy":"category","embeddable":true,"href":"https:\/\/www.fuldaernachrichten.de\/index.php?rest_route=%2Fwp%2Fv2%2Fcategories&post=137705"},{"taxonomy":"post_tag","embeddable":true,"href":"https:\/\/www.fuldaernachrichten.de\/index.php?rest_route=%2Fwp%2Fv2%2Ftags&post=137705"}],"curies":[{"name":"wp","href":"https:\/\/api.w.org\/{rel}","templated":true}]}}