{"id":137696,"date":"2015-04-20T18:00:38","date_gmt":"2015-04-20T16:00:38","guid":{"rendered":"http:\/\/www.fuldaer-nachrichten.de\/?p=137696"},"modified":"2015-04-20T18:00:38","modified_gmt":"2015-04-20T16:00:38","slug":"sparda-bank-hessen-unterstuetzt-das-projekt-ambinius-kita-plus-jung-und-alt-mit-5000-euro","status":"publish","type":"post","link":"https:\/\/www.fuldaernachrichten.de\/?p=137696","title":{"rendered":"Sparda-Bank Hessen unterst\u00fctzt das Projekt \u201eambinius \u2013 KiTa plus \u2013 jung und alt\u201c mit 5000 Euro"},"content":{"rendered":"<p><a href=\"http:\/\/www.fuldaer-nachrichten.de\/?attachment_id=137698\" rel=\"attachment wp-att-137698\"><img decoding=\"async\" src=\"http:\/\/www.fuldaer-nachrichten.de\/wp-content\/uploads\/2015\/04\/IMG_2994-265x177.jpg\" alt=\"IMG_2994\" width=\"265\" height=\"177\" class=\"alignleft size-medium wp-image-137698\" srcset=\"https:\/\/www.fuldaernachrichten.de\/wp-content\/uploads\/2015\/04\/IMG_2994-265x177.jpg 265w, https:\/\/www.fuldaernachrichten.de\/wp-content\/uploads\/2015\/04\/IMG_2994-600x400.jpg 600w, https:\/\/www.fuldaernachrichten.de\/wp-content\/uploads\/2015\/04\/IMG_2994.jpg 900w\" sizes=\"(max-width: 265px) 100vw, 265px\" \/><\/a>Generationen\u00fcbergreifende Projekte gewinnen landauf, landab an Bedeutung. Auch die Fuldaer St. Antonius-Stiftung widmet sich mit ihrem aktuellen Projekt \u201eambinius\u201c dem Thema, wie man Kinder mit der Gro\u00dfelterngeneration zusammenbringt. Durch dieses Vorhaben entsehen gemeinsame Aktivit\u00e4ten und Workshops, die volle Erfolge sind: Jung und Alt musizierten zusammen, spielten neue und traditionelle Gesellschaftsspiele miteinander oder erlebten das Fr\u00fchlingserwachen in der Antonius-G\u00e4rtnerei.<\/p>\n<p>\u201eProjekte, die Jung und Alt zusammenbringen, sind a\u00fc\u00dferst wertvoll f\u00fcr unsere Gemeinschaft. Senioren und Kinder k\u00f6nnen gemeinsam voneinander profitieren und lernen. In Zeiten, in denen Enkel und Gro\u00dfeltern h\u00e4ufig nicht mehr zusammen an einem Ort wohnen, ist eine solche Arbeit besonders wichtig\u201c, sagte Matthias B\u00f6se, Leiter der Sparda-Bank-Filiale in Fulda bei der Spenden\u00fcbergabe. Die Vorsitzende der St. Antonius-Stiftung, Getraud Sorg, dankte B\u00f6se und seinem Team f\u00fcr das Engagement und die finanzielle Unterst\u00fctzung. \u201eWir freuen uns, dass Sie aus den Mitteln Ihres Gewinnsparvereins unser aktuelles Projekt \u201eambinius\u201c mit 5000 Euro unterst\u00fctzen und danken Ihnen herzlich daf\u00fcr\u201c, sagte Sorg.<\/p>\n","protected":false},"excerpt":{"rendered":"<div class=\"tmnf_excerpt\"><p>Generationen\u00fcbergreifende Projekte gewinnen landauf, landab an Bedeutung. Auch die Fuldaer St. Antonius-Stiftung widmet sich mit ihrem aktuellen Projekt \u201eambinius\u201c dem Thema, wie man Kinder mit der Gro\u00dfelterngeneration zusammenbringt. Durch dieses Vorhaben entsehen gemeinsame Aktivit\u00e4ten und Workshops, die volle Erfolge sind: Jung und Alt musizierten zusammen, spielten neue und traditionelle Gesellschaftsspiele miteinander oder erlebten das Fr\u00fchlingserwachen &hellip;<\/p>\n<\/div>","protected":false},"author":1,"featured_media":137697,"comment_status":"closed","ping_status":"closed","sticky":false,"template":"","format":"standard","meta":{"footnotes":""},"categories":[1,72],"tags":[],"class_list":["post-137696","post","type-post","status-publish","format-standard","has-post-thumbnail","hentry","category-startseite","category-jugend"],"_links":{"self":[{"href":"https:\/\/www.fuldaernachrichten.de\/index.php?rest_route=\/wp\/v2\/posts\/137696","targetHints":{"allow":["GET"]}}],"collection":[{"href":"https:\/\/www.fuldaernachrichten.de\/index.php?rest_route=\/wp\/v2\/posts"}],"about":[{"href":"https:\/\/www.fuldaernachrichten.de\/index.php?rest_route=\/wp\/v2\/types\/post"}],"author":[{"embeddable":true,"href":"https:\/\/www.fuldaernachrichten.de\/index.php?rest_route=\/wp\/v2\/users\/1"}],"replies":[{"embeddable":true,"href":"https:\/\/www.fuldaernachrichten.de\/index.php?rest_route=%2Fwp%2Fv2%2Fcomments&post=137696"}],"version-history":[{"count":1,"href":"https:\/\/www.fuldaernachrichten.de\/index.php?rest_route=\/wp\/v2\/posts\/137696\/revisions"}],"predecessor-version":[{"id":137699,"href":"https:\/\/www.fuldaernachrichten.de\/index.php?rest_route=\/wp\/v2\/posts\/137696\/revisions\/137699"}],"wp:featuredmedia":[{"embeddable":true,"href":"https:\/\/www.fuldaernachrichten.de\/index.php?rest_route=\/wp\/v2\/media\/137697"}],"wp:attachment":[{"href":"https:\/\/www.fuldaernachrichten.de\/index.php?rest_route=%2Fwp%2Fv2%2Fmedia&parent=137696"}],"wp:term":[{"taxonomy":"category","embeddable":true,"href":"https:\/\/www.fuldaernachrichten.de\/index.php?rest_route=%2Fwp%2Fv2%2Fcategories&post=137696"},{"taxonomy":"post_tag","embeddable":true,"href":"https:\/\/www.fuldaernachrichten.de\/index.php?rest_route=%2Fwp%2Fv2%2Ftags&post=137696"}],"curies":[{"name":"wp","href":"https:\/\/api.w.org\/{rel}","templated":true}]}}