{"id":137691,"date":"2015-04-20T14:35:13","date_gmt":"2015-04-20T12:35:13","guid":{"rendered":"http:\/\/www.fuldaer-nachrichten.de\/?p=137691"},"modified":"2015-04-20T14:35:13","modified_gmt":"2015-04-20T12:35:13","slug":"moderner-unterricht-in-den-naturwissenschaften","status":"publish","type":"post","link":"https:\/\/www.fuldaernachrichten.de\/?p=137691","title":{"rendered":"Moderner Unterricht in den Naturwissenschaften"},"content":{"rendered":"<p>Der Landkreis Fulda schafft die r\u00e4umlichen Voraussetzungen f\u00fcr einen modernen naturwissenschaftlichen Unterricht an den Kreisschulen. In den kommenden Sommerferien sollen an der Winfriedschule in Fulda der Lehr\u00fcbungsraum Physik und an der Eduard-Stieler-Schule in Fulda der Lehr\u00fcbungsraum Biologie umgebaut und neu eingerichtet werden. In seiner letzten Sitzung hat die Kreisausschuss f\u00fcr 73.600 Euro und 64.900 Euro die entsprechenden Auftr\u00e4ge vergeben.<\/p>\n<p>Das kosteng\u00fcnstigste Angebot f\u00fcr die Fahrbahnerneuerung der Kreisstra\u00dfe 17 in der Ortsdurchfahrt Pilgerzell und der freien Strecke bis zur Landesstra\u00dfe 3377 in Dirlos belief sich auf 458.200 Euro. F\u00fcr 179.700 Euro werden auf der Kreisstra\u00dfe 31 von Neuwarts bis zur Landesgrenze, auf der Kreisstra\u00dfe 72 in der Ortsdurchfahrt Hattenhof sowie auf der Kreisstra\u00dfe 126 von Mittelaschenbach ebenfalls bis zur Landesgrenze d\u00fcnne Asphaltdeckschichten aufgebracht. Auf 121.900 Euro belaufen sich die Elektroarbeiten bei der Erweiterung des Kreisgesundheitsamtes in Fulda. <\/p>\n<p>In Gersfeld wird die Grundschule grundlegend saniert. F\u00fcr insgesamt 81.700 Euro wurden  verschiedene Gewerke vergeben. Bei der Erweiterung des Verwaltungsbereichs der Winfriedschule kosten die neuen Holzfenster 39.500 Euro. Auch hat der Kreisausschuss f\u00fcr 34.000 Euro die Neugestaltung des Pausenhofs der Grundschule in Mittelkalbach einschlie\u00dflich Fallschutz beschlossen. Bei der Grundschule in Magretenhaun ist ein Anbau f\u00fcr die Unterbringung einer Betreuungsklasse vorgesehen. Die Zimmer- und Dachdeckerarbeiten belaufen sich auf 25.100 Euro.<\/p>\n","protected":false},"excerpt":{"rendered":"<div class=\"tmnf_excerpt\"><p>Der Landkreis Fulda schafft die r\u00e4umlichen Voraussetzungen f\u00fcr einen modernen naturwissenschaftlichen Unterricht an den Kreisschulen. In den kommenden Sommerferien sollen an der Winfriedschule in Fulda der Lehr\u00fcbungsraum Physik und an der Eduard-Stieler-Schule in Fulda der Lehr\u00fcbungsraum Biologie umgebaut und neu eingerichtet werden. In seiner letzten Sitzung hat die Kreisausschuss f\u00fcr 73.600 Euro und 64.900 Euro &hellip;<\/p>\n<\/div>","protected":false},"author":1,"featured_media":0,"comment_status":"closed","ping_status":"closed","sticky":false,"template":"","format":"standard","meta":{"footnotes":""},"categories":[1,53,29],"tags":[],"class_list":["post-137691","post","type-post","status-publish","format-standard","hentry","category-startseite","category-bildung","category-politik"],"_links":{"self":[{"href":"https:\/\/www.fuldaernachrichten.de\/index.php?rest_route=\/wp\/v2\/posts\/137691","targetHints":{"allow":["GET"]}}],"collection":[{"href":"https:\/\/www.fuldaernachrichten.de\/index.php?rest_route=\/wp\/v2\/posts"}],"about":[{"href":"https:\/\/www.fuldaernachrichten.de\/index.php?rest_route=\/wp\/v2\/types\/post"}],"author":[{"embeddable":true,"href":"https:\/\/www.fuldaernachrichten.de\/index.php?rest_route=\/wp\/v2\/users\/1"}],"replies":[{"embeddable":true,"href":"https:\/\/www.fuldaernachrichten.de\/index.php?rest_route=%2Fwp%2Fv2%2Fcomments&post=137691"}],"version-history":[{"count":1,"href":"https:\/\/www.fuldaernachrichten.de\/index.php?rest_route=\/wp\/v2\/posts\/137691\/revisions"}],"predecessor-version":[{"id":137692,"href":"https:\/\/www.fuldaernachrichten.de\/index.php?rest_route=\/wp\/v2\/posts\/137691\/revisions\/137692"}],"wp:attachment":[{"href":"https:\/\/www.fuldaernachrichten.de\/index.php?rest_route=%2Fwp%2Fv2%2Fmedia&parent=137691"}],"wp:term":[{"taxonomy":"category","embeddable":true,"href":"https:\/\/www.fuldaernachrichten.de\/index.php?rest_route=%2Fwp%2Fv2%2Fcategories&post=137691"},{"taxonomy":"post_tag","embeddable":true,"href":"https:\/\/www.fuldaernachrichten.de\/index.php?rest_route=%2Fwp%2Fv2%2Ftags&post=137691"}],"curies":[{"name":"wp","href":"https:\/\/api.w.org\/{rel}","templated":true}]}}