{"id":137615,"date":"2015-04-19T20:50:40","date_gmt":"2015-04-19T18:50:40","guid":{"rendered":"http:\/\/www.fuldaer-nachrichten.de\/?p=137615"},"modified":"2015-04-19T20:50:40","modified_gmt":"2015-04-19T18:50:40","slug":"herzschlagfinale-im-vogelsberg-mark-wallenwein-siegt-zum-ersten-mal-in-hessen","status":"publish","type":"post","link":"https:\/\/www.fuldaernachrichten.de\/?p=137615","title":{"rendered":"Herzschlagfinale im Vogelsberg! Mark Wallenwein siegt zum ersten Mal in Hessen!"},"content":{"rendered":"<p>Herzschlagfinale im Vogelsberg!\u00e2\u20ac\u00a8 Mark Wallenwein siegt zum ersten Mal in Hessen! \u00e2\u20ac\u00a8\u00e2\u20ac\u00a8Mark Wallenwein (Skoda Fabia S2000, Stuttgart) feierte mit Co-Stefan Kopczyk (Heilbronn) den langersehnten ersten Erfolg im Vogelsberg! Im letzten Jahr nur knapp geschlagen, war es in diesem Jahr soweit. \u201eMan hat ja an der Zahl unserer Bestzeiten gesehen, was unsere Zielsetzung f\u00fcr die Rallye war. Ein Reifenschaden und ein schleichender Plattfu\u00df haben uns am Samstagmorgen zwar etwas ausgebremst, aber ich bin total happy endlich mal hier gewonnen zu haben\u201c, so der 28j\u00e4hrige im Ziel.<\/p>\n<p>Nach 1:27:01,1 Stunden f\u00fcr die knapp 144 Wertungspr\u00fcfungskilometer betrug der Vorsprung auf das zweitplatzierte Skoda Fabia S2000 Team, mit Fabian Kreim (Fr\u00e4nkisch-Crumbach)\/Frank Christian (Oberhausen) nur 3,8 Sekunden. Der Youngster Kreim best\u00e4tigte einmal mehr seine tolle Entwicklung und sicherte sich insgesamt drei Bestzeiten. Mit dem Sieg auf der rund 15km langen Power-Stage in Niederaula machte es der 22j\u00e4hrige noch einmal richtig spannend \u00e2\u20ac\u00a8vor der letzten Pr\u00fcfung. Mit den gewonnenen Zusatzpunkten verteidigte Kreim die Meisterschaftsspitze vor Mark Wallenwein und Ruben Zeltner. \u201eIn der vierten Rallye mit dem S2000 hier im Vogelsberg die Zeiten von Mark mitgehen zu k\u00f6nnen, h\u00e4tte ich nicht erwartet, ich bin absolut zufrieden!\u201c\u00e2\u20ac\u00a8\u00e2\u20ac\u00a8Zeltner mit Gattin Petra (Lichtenstein) im Porsche 911 GT3 unterwegs, haderte im Ziel etwas mit der Reifenwahl am Nachmittag und musste sich Hermann Ga\u00dfner \u00e2\u20ac\u00a8(Mitsubishi Evo VIII, Surheim)\/Karin Thannh\u00e4u\u00dfer (Teisendorf) noch beugen. \u00e2\u20ac\u00a8Nach verhaltenem Start am Freitagabend gab Ga\u00dfner am Samstag richtig Gas! \u00e2\u20ac\u00a8\u201eEs waren tolle Pr\u00fcfungen hier, es hat wieder richtig Laune gemacht!,\u201c so der \u00e2\u20ac\u00a8Bayer im Ziel. Die TopFive komplettierten Peter Corazza (Mitsubishi Evo Lancer Evo 9, Oelsnitz)\/Christoph Gerlach (Niederwisa).\u00e2\u20ac\u00a8\u00e2\u20ac\u00a8Schneller Hesse trumpft auf!\u00e2\u20ac\u00a8Im letzten Jahr war noch der Vater Ronald Leschhorn schnellster Lokalmatador, \u00e2\u20ac\u00a8in diesem Jahr nun Sohn Nico (Hungen) im Peugeot 207 S2000. Mit Josefin Corinn Beinke (B\u00fcnde) auf dem hei\u00dfen Sitz feierte er mit dem sechsten Platz sein bestes Resultat im Rahmen der Deutschen Rallye Meisterschaft. Pech hatte J\u00f6rg Schuhej,der auf dem f\u00fcnften Gesamtrang liegend, mit technischem Defekt auf der letzten Pr\u00fcfung aufgeben musste.<\/p>\n<p>ADAC Rallye Masters<br \/>\nCarsten Mohe (Renault Clio R3T, Crottendorf) konnte mit seinem dritten Platz in der ADAC Rallye Masters Wertung hinter Hermann Ga\u00dfner und Raphael Ramonat (Mitsubishio Evo 7) die F\u00fchrung in der Gesamtwertung ausbauen.<\/p>\n<p>Tolle Action im ADAC Opel Rallye Cup<br \/>\nIm 19 Teilnehmer starken Feld der Opel Adam Truppe, die wieder f\u00fcr reichlich Action sorgte, setzte sich Yannick Neuville (Belgien) nach hartem Fight mit Jacob Madsen (D\u00e4nemark) durch. Dieser musste auf der vorletzten Pr\u00fcfung nach einem Unfall aufgeben. Der zweite Platz ging so an Julius Tannert (Lichtentanne) vor Niklas St\u00f6tefalke (Bad Oeynhausen).<\/p>\n<p>Gelungene Veranstaltung!<br \/>\n\u00dcber 25.000 Zuschauer s\u00e4umten die einmal mehr anspruchsvollen Pr\u00fcfungen und so zog auch Rallyeleiter Friedrich Goldstein ein positives Fazit!\u00e2\u20ac\u00a8\u201eWir haben bei besten Bedingungen tollen Rallyesport mit einem furiosen Finale gesehen.\u201c\u00e2\u20ac\u00a8Die zahlreichen Zuschauer haben sich sehr diszipliniert verhalten und wir sind froh, rund um Schlitz eine bei Fahrern und Fans gleicherma\u00dfen beliebte Veranstaltung einmal mehr bew\u00e4ltigt zu haben. Das Ganze funktioniert nat\u00fcrlich nur mit den vielen ehrenamtlichen Helfern, die uns hierbei unterst\u00fctzen! Dem am Morgen verunfallten schwedischen Team geht es den Umst\u00e4nden entsprechend gut. Nach kurzem Zwangsaufenthalt im Krankenhaus k\u00f6nnen die Beiden in den n\u00e4chsten Stunden wieder die Heimreise antreten.<\/p>\n","protected":false},"excerpt":{"rendered":"<div class=\"tmnf_excerpt\"><p>Herzschlagfinale im Vogelsberg!\u00e2\u20ac\u00a8 Mark Wallenwein siegt zum ersten Mal in Hessen! \u00e2\u20ac\u00a8\u00e2\u20ac\u00a8Mark Wallenwein (Skoda Fabia S2000, Stuttgart) feierte mit Co-Stefan Kopczyk (Heilbronn) den langersehnten ersten Erfolg im Vogelsberg! Im letzten Jahr nur knapp geschlagen, war es in diesem Jahr soweit. \u201eMan hat ja an der Zahl unserer Bestzeiten gesehen, was unsere Zielsetzung f\u00fcr die Rallye &hellip;<\/p>\n<\/div>","protected":false},"author":1,"featured_media":0,"comment_status":"closed","ping_status":"closed","sticky":false,"template":"","format":"standard","meta":{"footnotes":""},"categories":[1,35,46],"tags":[],"class_list":["post-137615","post","type-post","status-publish","format-standard","hentry","category-startseite","category-auto","category-sport"],"_links":{"self":[{"href":"https:\/\/www.fuldaernachrichten.de\/index.php?rest_route=\/wp\/v2\/posts\/137615","targetHints":{"allow":["GET"]}}],"collection":[{"href":"https:\/\/www.fuldaernachrichten.de\/index.php?rest_route=\/wp\/v2\/posts"}],"about":[{"href":"https:\/\/www.fuldaernachrichten.de\/index.php?rest_route=\/wp\/v2\/types\/post"}],"author":[{"embeddable":true,"href":"https:\/\/www.fuldaernachrichten.de\/index.php?rest_route=\/wp\/v2\/users\/1"}],"replies":[{"embeddable":true,"href":"https:\/\/www.fuldaernachrichten.de\/index.php?rest_route=%2Fwp%2Fv2%2Fcomments&post=137615"}],"version-history":[{"count":1,"href":"https:\/\/www.fuldaernachrichten.de\/index.php?rest_route=\/wp\/v2\/posts\/137615\/revisions"}],"predecessor-version":[{"id":137624,"href":"https:\/\/www.fuldaernachrichten.de\/index.php?rest_route=\/wp\/v2\/posts\/137615\/revisions\/137624"}],"wp:attachment":[{"href":"https:\/\/www.fuldaernachrichten.de\/index.php?rest_route=%2Fwp%2Fv2%2Fmedia&parent=137615"}],"wp:term":[{"taxonomy":"category","embeddable":true,"href":"https:\/\/www.fuldaernachrichten.de\/index.php?rest_route=%2Fwp%2Fv2%2Fcategories&post=137615"},{"taxonomy":"post_tag","embeddable":true,"href":"https:\/\/www.fuldaernachrichten.de\/index.php?rest_route=%2Fwp%2Fv2%2Ftags&post=137615"}],"curies":[{"name":"wp","href":"https:\/\/api.w.org\/{rel}","templated":true}]}}