{"id":137600,"date":"2015-04-19T20:38:11","date_gmt":"2015-04-19T18:38:11","guid":{"rendered":"http:\/\/www.fuldaer-nachrichten.de\/?p=137600"},"modified":"2015-04-19T20:38:11","modified_gmt":"2015-04-19T18:38:11","slug":"hessische-denkmaeler-fuer-kommende-generation-bewahren","status":"publish","type":"post","link":"https:\/\/www.fuldaernachrichten.de\/?p=137600","title":{"rendered":"Hessische Denkm\u00e4ler f\u00fcr kommende Generation bewahren"},"content":{"rendered":"<p>Kunst- und Kulturminister Boris Rhein hat heute die Bedeutung der hessischen Denkm\u00e4ler f\u00fcr die Kulturlandschaft des Landes hervorgehoben. Anlass dazu gibt der Internationale Denkmaltag am 18. April: An diesem Tag macht auch Hessen auf den besonderen Wert und den Schutz der Denkm\u00e4ler aufmerksam.<\/p>\n<p>Dank an Ehrenamtliche<\/p>\n<p>\u201eDie Landesregierung stellt zur Wahrung und Pflege unserer Denkm\u00e4ler pro Jahr mehrere Millionen Euro bereit. Denkmalpflege ist aber immer auch auf das ehrenamtliche Engagement der B\u00fcrger angewiesen. Daf\u00fcr danke ich auf diesem Weg alle denen, die sich f\u00fcr die Denkmalpflege einsetzen\u201c, betonte Kunst- und Kulturminister Boris Rhein.<\/p>\n<p>Sechs UNESCO-Welterbest\u00e4tten<\/p>\n<p>Hessen ist besonders reich an Kultursch\u00e4tzen. Wer durch das Land streift, trifft gleich auf sechs der insgesamt 39 UNESCO-Welterbest\u00e4tten in Deutschland: Die Grube Messel, der Obergermanisch-Raetische Limes, das Kloster Lorsch und der Bergpark Wilhelmsh\u00f6he geh\u00f6ren ebenso dazu wie das Obere Mittelrheintal und die Buchenw\u00e4lder im nordhessischen Kellerwald. Hinzu kommen Tausende denkmalgesch\u00fctzte Bauten wie etwa Kirchen, Schl\u00f6sser oder B\u00fcrgerh\u00e4user.<\/p>\n<p>Von der Vergangenheit lernen<\/p>\n<p>\u201eUnsere Gesellschaft kann ebenso wie kommende Generationen von den Errungenschaften und Erfahrungen der Vergangenheit lernen \u2013 sowohl in positiver als auch in negativer Hinsicht. Unsere Denkm\u00e4ler sind Teil der Identit\u00e4t unseres Landes, deshalb sehe ich es als eine wichtige Aufgabe an, diesen kulturellen Schatz auch f\u00fcr die n\u00e4chsten Generationen zu bewahren\u201c, so Kunst- und Kulturminister Boris Rhein.<\/p>\n<p>Den Internationale Denkmaltag gibt es seit 30 Jahren. Er geht auf eine Idee des Rats f\u00fcr Denkmalpflege (ICOMOS) und der Organisation der Vereinten Nationen f\u00fcr Erziehung, Wissenschaft und Kunst zur\u00fcck.<\/p>\n","protected":false},"excerpt":{"rendered":"<div class=\"tmnf_excerpt\"><p>Kunst- und Kulturminister Boris Rhein hat heute die Bedeutung der hessischen Denkm\u00e4ler f\u00fcr die Kulturlandschaft des Landes hervorgehoben. Anlass dazu gibt der Internationale Denkmaltag am 18. April: An diesem Tag macht auch Hessen auf den besonderen Wert und den Schutz der Denkm\u00e4ler aufmerksam. Dank an Ehrenamtliche \u201eDie Landesregierung stellt zur Wahrung und Pflege unserer Denkm\u00e4ler &hellip;<\/p>\n<\/div>","protected":false},"author":1,"featured_media":0,"comment_status":"closed","ping_status":"closed","sticky":false,"template":"","format":"standard","meta":{"footnotes":""},"categories":[1,44],"tags":[],"class_list":["post-137600","post","type-post","status-publish","format-standard","hentry","category-startseite","category-kultur"],"_links":{"self":[{"href":"https:\/\/www.fuldaernachrichten.de\/index.php?rest_route=\/wp\/v2\/posts\/137600","targetHints":{"allow":["GET"]}}],"collection":[{"href":"https:\/\/www.fuldaernachrichten.de\/index.php?rest_route=\/wp\/v2\/posts"}],"about":[{"href":"https:\/\/www.fuldaernachrichten.de\/index.php?rest_route=\/wp\/v2\/types\/post"}],"author":[{"embeddable":true,"href":"https:\/\/www.fuldaernachrichten.de\/index.php?rest_route=\/wp\/v2\/users\/1"}],"replies":[{"embeddable":true,"href":"https:\/\/www.fuldaernachrichten.de\/index.php?rest_route=%2Fwp%2Fv2%2Fcomments&post=137600"}],"version-history":[{"count":1,"href":"https:\/\/www.fuldaernachrichten.de\/index.php?rest_route=\/wp\/v2\/posts\/137600\/revisions"}],"predecessor-version":[{"id":137604,"href":"https:\/\/www.fuldaernachrichten.de\/index.php?rest_route=\/wp\/v2\/posts\/137600\/revisions\/137604"}],"wp:attachment":[{"href":"https:\/\/www.fuldaernachrichten.de\/index.php?rest_route=%2Fwp%2Fv2%2Fmedia&parent=137600"}],"wp:term":[{"taxonomy":"category","embeddable":true,"href":"https:\/\/www.fuldaernachrichten.de\/index.php?rest_route=%2Fwp%2Fv2%2Fcategories&post=137600"},{"taxonomy":"post_tag","embeddable":true,"href":"https:\/\/www.fuldaernachrichten.de\/index.php?rest_route=%2Fwp%2Fv2%2Ftags&post=137600"}],"curies":[{"name":"wp","href":"https:\/\/api.w.org\/{rel}","templated":true}]}}