{"id":137542,"date":"2015-04-16T20:04:42","date_gmt":"2015-04-16T18:04:42","guid":{"rendered":"http:\/\/www.fuldaer-nachrichten.de\/?p=137542"},"modified":"2015-04-16T20:04:42","modified_gmt":"2015-04-16T18:04:42","slug":"der-taegliche-kampf-mit-den-hausaufgaben-2","status":"publish","type":"post","link":"https:\/\/www.fuldaernachrichten.de\/?p=137542","title":{"rendered":"Der t\u00e4gliche Kampf mit den Hausaufgaben"},"content":{"rendered":"<p>Die Volkshochschule des Vogelsbergkreises bietet am Montag, 27. April, von 19.30 bis 21 Uhr im Familienzentrum in Homberg (Ohm) diesen\u00c2\u00a0 Vortrag unter Leitung von Rebecca Schmidt-Kobek an.<\/p>\n<p>Der t\u00e4gliche Kampf mit den Hausaufgaben &#8211; sie dauern oft Stunden, alle sind gereizt, die Kinder k\u00f6nnen sich nicht konzentrieren, manche tr\u00e4umen vor sich hin, andere lassen sich ablenken &#8211; wird f\u00fcr die ganze Familie zur Belastungsprobe. Oft besteht der ganze Nachmittag und\/oder das Wochenende nur aus dem Thema Hausaufgaben und Schule. Bestrafungen oder lange Standpauken f\u00fchren da meist nicht zum gew\u00fcnschten Erfolg. Doch was tun? Dieser Vortrag zeigt M\u00f6glichkeiten der Hilfe auf.<br \/>\nVerbindliche Anmeldung bis 22. April.<\/p>\n<p>Weitere Informationen und Anmeldung bei der vhs, F\u00e4rbergasse 2, 36304 Alsfeld, Tel. 06631 792-7730, oder im Internet unter www.vhs-vogelsberg.de.<\/p>\n","protected":false},"excerpt":{"rendered":"<div class=\"tmnf_excerpt\"><p>Die Volkshochschule des Vogelsbergkreises bietet am Montag, 27. April, von 19.30 bis 21 Uhr im Familienzentrum in Homberg (Ohm) diesen\u00c2\u00a0 Vortrag unter Leitung von Rebecca Schmidt-Kobek an. Der t\u00e4gliche Kampf mit den Hausaufgaben &#8211; sie dauern oft Stunden, alle sind gereizt, die Kinder k\u00f6nnen sich nicht konzentrieren, manche tr\u00e4umen vor sich hin, andere lassen sich &hellip;<\/p>\n<\/div>","protected":false},"author":1,"featured_media":0,"comment_status":"closed","ping_status":"closed","sticky":false,"template":"","format":"standard","meta":{"footnotes":""},"categories":[1,53,72],"tags":[],"class_list":["post-137542","post","type-post","status-publish","format-standard","hentry","category-startseite","category-bildung","category-jugend"],"_links":{"self":[{"href":"https:\/\/www.fuldaernachrichten.de\/index.php?rest_route=\/wp\/v2\/posts\/137542","targetHints":{"allow":["GET"]}}],"collection":[{"href":"https:\/\/www.fuldaernachrichten.de\/index.php?rest_route=\/wp\/v2\/posts"}],"about":[{"href":"https:\/\/www.fuldaernachrichten.de\/index.php?rest_route=\/wp\/v2\/types\/post"}],"author":[{"embeddable":true,"href":"https:\/\/www.fuldaernachrichten.de\/index.php?rest_route=\/wp\/v2\/users\/1"}],"replies":[{"embeddable":true,"href":"https:\/\/www.fuldaernachrichten.de\/index.php?rest_route=%2Fwp%2Fv2%2Fcomments&post=137542"}],"version-history":[{"count":1,"href":"https:\/\/www.fuldaernachrichten.de\/index.php?rest_route=\/wp\/v2\/posts\/137542\/revisions"}],"predecessor-version":[{"id":137544,"href":"https:\/\/www.fuldaernachrichten.de\/index.php?rest_route=\/wp\/v2\/posts\/137542\/revisions\/137544"}],"wp:attachment":[{"href":"https:\/\/www.fuldaernachrichten.de\/index.php?rest_route=%2Fwp%2Fv2%2Fmedia&parent=137542"}],"wp:term":[{"taxonomy":"category","embeddable":true,"href":"https:\/\/www.fuldaernachrichten.de\/index.php?rest_route=%2Fwp%2Fv2%2Fcategories&post=137542"},{"taxonomy":"post_tag","embeddable":true,"href":"https:\/\/www.fuldaernachrichten.de\/index.php?rest_route=%2Fwp%2Fv2%2Ftags&post=137542"}],"curies":[{"name":"wp","href":"https:\/\/api.w.org\/{rel}","templated":true}]}}