{"id":137535,"date":"2015-04-16T20:00:52","date_gmt":"2015-04-16T18:00:52","guid":{"rendered":"http:\/\/www.fuldaer-nachrichten.de\/?p=137535"},"modified":"2015-04-16T20:02:54","modified_gmt":"2015-04-16T18:02:54","slug":"jetzt-erstmals-im-lietz-internat-hohenwehrda-fachoberschule-fachrichtung-sozialwesen","status":"publish","type":"post","link":"https:\/\/www.fuldaernachrichten.de\/?p=137535","title":{"rendered":"Jetzt erstmals im Lietz-Internat Hohenwehrda: Fachoberschule Fachrichtung Sozialwesen"},"content":{"rendered":"<p>Demographischer Wandel und steigender Fachkr\u00e4ftemangel in Deutschland: Gerade im sozialp\u00e4dagogischen Bereich wird aktuell mehr denn je gut ausgebildetes Personal ben\u00f6tigt. Die Zukunftsperspektiven in sozialen Berufen sind vielf\u00e4ltig und k\u00f6nnen in lukrative Anstellungen m\u00fcnden. Hier setzt die schulische Ausbildung \u201eFachoberschule Sozialwesen\u201c an, die jetzt erstmals ab dem Schuljahr 2015\/16 im Lietz-Internat Hohenwehrda angeboten wird.<\/p>\n<p>Die Jugendlichen erlangen nach ihrer dreij\u00e4hrigen schulischen Ausbildung das Fachabitur. Im Anschluss besteht die M\u00f6glichkeit, den Bachelor-Studiengang \u201eSoziale Arbeit\u201c und Masterstudiengang zu absolvieren. Die schwerpunkt\u00fcbergreifenden F\u00e4cher wie Deutsch, Englisch oder Mathematik sorgen f\u00fcr fundiertes Basiswissen. Daneben stehen fachspezifische Inhalte wie beispielsweise Soziale Arbeit, Kommunikation oder Sozialisation als vielschichtiges Spannungsfeld im Fokus. In der 11. Klasse absolvieren die Sch\u00fclerinnen und Sch\u00fcler ein einj\u00e4hriges Praktikum. Dabei erhalten die Jugendlichen neben dem theoretischen Unterricht dreimal in der Woche Einblick in die Organisation sozialer Einrichtungen. Die Zugangsvoraussetzungen f\u00fcr den Besuch der Fachoberschule sind: ein Realschulabschluss, die Versetzung in die gymnasiale Oberstufe, der Abschluss der Zweij\u00e4hrigen Berufsfachschule oder eine abgeschlossene einj\u00e4hrige Berufsausbildung.<\/p>\n<p>www.internat-hohenwehrda.de<\/p>\n","protected":false},"excerpt":{"rendered":"<div class=\"tmnf_excerpt\"><p>Demographischer Wandel und steigender Fachkr\u00e4ftemangel in Deutschland: Gerade im sozialp\u00e4dagogischen Bereich wird aktuell mehr denn je gut ausgebildetes Personal ben\u00f6tigt. Die Zukunftsperspektiven in sozialen Berufen sind vielf\u00e4ltig und k\u00f6nnen in lukrative Anstellungen m\u00fcnden. Hier setzt die schulische Ausbildung \u201eFachoberschule Sozialwesen\u201c an, die jetzt erstmals ab dem Schuljahr 2015\/16 im Lietz-Internat Hohenwehrda angeboten wird. Die Jugendlichen &hellip;<\/p>\n<\/div>","protected":false},"author":1,"featured_media":137538,"comment_status":"closed","ping_status":"closed","sticky":false,"template":"","format":"standard","meta":{"footnotes":""},"categories":[1,53,72],"tags":[],"class_list":["post-137535","post","type-post","status-publish","format-standard","has-post-thumbnail","hentry","category-startseite","category-bildung","category-jugend"],"_links":{"self":[{"href":"https:\/\/www.fuldaernachrichten.de\/index.php?rest_route=\/wp\/v2\/posts\/137535","targetHints":{"allow":["GET"]}}],"collection":[{"href":"https:\/\/www.fuldaernachrichten.de\/index.php?rest_route=\/wp\/v2\/posts"}],"about":[{"href":"https:\/\/www.fuldaernachrichten.de\/index.php?rest_route=\/wp\/v2\/types\/post"}],"author":[{"embeddable":true,"href":"https:\/\/www.fuldaernachrichten.de\/index.php?rest_route=\/wp\/v2\/users\/1"}],"replies":[{"embeddable":true,"href":"https:\/\/www.fuldaernachrichten.de\/index.php?rest_route=%2Fwp%2Fv2%2Fcomments&post=137535"}],"version-history":[{"count":1,"href":"https:\/\/www.fuldaernachrichten.de\/index.php?rest_route=\/wp\/v2\/posts\/137535\/revisions"}],"predecessor-version":[{"id":137537,"href":"https:\/\/www.fuldaernachrichten.de\/index.php?rest_route=\/wp\/v2\/posts\/137535\/revisions\/137537"}],"wp:featuredmedia":[{"embeddable":true,"href":"https:\/\/www.fuldaernachrichten.de\/index.php?rest_route=\/wp\/v2\/media\/137538"}],"wp:attachment":[{"href":"https:\/\/www.fuldaernachrichten.de\/index.php?rest_route=%2Fwp%2Fv2%2Fmedia&parent=137535"}],"wp:term":[{"taxonomy":"category","embeddable":true,"href":"https:\/\/www.fuldaernachrichten.de\/index.php?rest_route=%2Fwp%2Fv2%2Fcategories&post=137535"},{"taxonomy":"post_tag","embeddable":true,"href":"https:\/\/www.fuldaernachrichten.de\/index.php?rest_route=%2Fwp%2Fv2%2Ftags&post=137535"}],"curies":[{"name":"wp","href":"https:\/\/api.w.org\/{rel}","templated":true}]}}