{"id":137493,"date":"2015-04-15T19:11:43","date_gmt":"2015-04-15T17:11:43","guid":{"rendered":"http:\/\/www.fuldaer-nachrichten.de\/?p=137493"},"modified":"2015-04-15T19:11:43","modified_gmt":"2015-04-15T17:11:43","slug":"blutleerblau-sie-liebten-ihn-ueber-die-massen","status":"publish","type":"post","link":"https:\/\/www.fuldaernachrichten.de\/?p=137493","title":{"rendered":"BLUTLEERBLAU &#8211; Sie liebten ihn \u00fcber die Ma\u00dfen"},"content":{"rendered":"<p>Die aktuelle Produktion \u201eBLUTLEERBLAU\u201c der Theatergruppe des Jugendbildungswerkes der Stadt Fulda DIE FISCHGRETCHEN rankt sich um den Mythos des M\u00e4rchens \u201eBlaubart\u201c und dessen psychologischen Deutungen, eingebettet in die Geschichte des Protagonisten Friedrich und seinen Begegnungen mit den Frauen.<\/p>\n<p>\u00e2\u20ac\u00a6darum lieb ich alles, was so blau ist, weil mein Schatz \u00e2\u20ac\u00a6<br \/>\nstahlblau, eisblau, himmelblau, nachtblau &#8211; blau symbolisiert u.a. Weite, K\u00e4lte und Klarheit.<\/p>\n<p>In der selbstentwickelten Szenencollage geht es um N\u00e4he und Distanz, um Liebe und Verderben. Der junge Friedrich sucht die N\u00e4he der Frauen, schafft es jedoch nicht, ihre Liebe zu erwidern sobald sie ihm zu nahe kommen. Er wei\u00df sich ihrer schlussendlich nicht anders zu erwehren, als sie zu t\u00f6ten. Friedrich verherrlicht seine erste vermeintlich gro\u00dfe Liebe, die er nicht leben konnte. Alle weiteren Beziehungen, die im Alltag Bestand haben k\u00f6nnten, scheinen nichts wert zu sein, sie sind blutleerblau.<\/p>\n<p>Spieltermine:<\/p>\n<p>Do. 25.06.2015 Gemeindezentrum K\u00fcnzell<br \/>\nSo. 28.06.2015 Kreuz-Saal, Horas<br \/>\nDo. 02.07.2015 Halle 8, Hochschule Fulda<\/p>\n<p>Vorstellungsbeginn ist jeweils 20.00 Uhr.<\/p>\n<p>Karten sind nur an der Abendkasse erh\u00e4ltlich, Beginn ist jeweils um 20.00 Uhr.<\/p>\n<p>Genauere Informationen sind bei Ulli Greb unter Tel. 0661\/102-1990 erh\u00e4ltlich.<\/p>\n","protected":false},"excerpt":{"rendered":"<div class=\"tmnf_excerpt\"><p>Die aktuelle Produktion \u201eBLUTLEERBLAU\u201c der Theatergruppe des Jugendbildungswerkes der Stadt Fulda DIE FISCHGRETCHEN rankt sich um den Mythos des M\u00e4rchens \u201eBlaubart\u201c und dessen psychologischen Deutungen, eingebettet in die Geschichte des Protagonisten Friedrich und seinen Begegnungen mit den Frauen. \u00e2\u20ac\u00a6darum lieb ich alles, was so blau ist, weil mein Schatz \u00e2\u20ac\u00a6 stahlblau, eisblau, himmelblau, nachtblau &#8211; &hellip;<\/p>\n<\/div>","protected":false},"author":1,"featured_media":137496,"comment_status":"closed","ping_status":"closed","sticky":false,"template":"","format":"standard","meta":{"footnotes":""},"categories":[1,72,44],"tags":[],"class_list":["post-137493","post","type-post","status-publish","format-standard","has-post-thumbnail","hentry","category-startseite","category-jugend","category-kultur"],"_links":{"self":[{"href":"https:\/\/www.fuldaernachrichten.de\/index.php?rest_route=\/wp\/v2\/posts\/137493","targetHints":{"allow":["GET"]}}],"collection":[{"href":"https:\/\/www.fuldaernachrichten.de\/index.php?rest_route=\/wp\/v2\/posts"}],"about":[{"href":"https:\/\/www.fuldaernachrichten.de\/index.php?rest_route=\/wp\/v2\/types\/post"}],"author":[{"embeddable":true,"href":"https:\/\/www.fuldaernachrichten.de\/index.php?rest_route=\/wp\/v2\/users\/1"}],"replies":[{"embeddable":true,"href":"https:\/\/www.fuldaernachrichten.de\/index.php?rest_route=%2Fwp%2Fv2%2Fcomments&post=137493"}],"version-history":[{"count":1,"href":"https:\/\/www.fuldaernachrichten.de\/index.php?rest_route=\/wp\/v2\/posts\/137493\/revisions"}],"predecessor-version":[{"id":137500,"href":"https:\/\/www.fuldaernachrichten.de\/index.php?rest_route=\/wp\/v2\/posts\/137493\/revisions\/137500"}],"wp:featuredmedia":[{"embeddable":true,"href":"https:\/\/www.fuldaernachrichten.de\/index.php?rest_route=\/wp\/v2\/media\/137496"}],"wp:attachment":[{"href":"https:\/\/www.fuldaernachrichten.de\/index.php?rest_route=%2Fwp%2Fv2%2Fmedia&parent=137493"}],"wp:term":[{"taxonomy":"category","embeddable":true,"href":"https:\/\/www.fuldaernachrichten.de\/index.php?rest_route=%2Fwp%2Fv2%2Fcategories&post=137493"},{"taxonomy":"post_tag","embeddable":true,"href":"https:\/\/www.fuldaernachrichten.de\/index.php?rest_route=%2Fwp%2Fv2%2Ftags&post=137493"}],"curies":[{"name":"wp","href":"https:\/\/api.w.org\/{rel}","templated":true}]}}