{"id":137276,"date":"2015-04-09T13:56:11","date_gmt":"2015-04-09T11:56:11","guid":{"rendered":"http:\/\/www.fuldaer-nachrichten.de\/?p=137276"},"modified":"2015-04-09T13:56:11","modified_gmt":"2015-04-09T11:56:11","slug":"zauberhafte-zauberfloeten-projekte-in-grossenlueder","status":"publish","type":"post","link":"https:\/\/www.fuldaernachrichten.de\/?p=137276","title":{"rendered":"Zauberhafte Zauberfl\u00f6ten-Projekte in Gro\u00dfenl\u00fcder"},"content":{"rendered":"<p>Im Rahmen der \u201eH\u00f6r-mal-hin\u201c &#8211; Konzertreihe, einer einzigartigen Konzertreihe im Landkreis Fulda, erarbeiten Kinder der Gemeinde Gro\u00dfenlu\u00cc\u02c6der in verschiedensten Workshops tolle Projekte zum Thema \u201eZauberfl\u00f6te\u201c von Wolfgang Amadeus Mozart. Diese Workshops finden im M\u00e4rz und teilweise noch im April statt, und werden am Freitag, 24. April um 18.30 Uhr bei einer gro\u00dfen Auffu\u00cc\u02c6hrung pr\u00e4sentiert. Insgesamt 90 Kinder der Gemeinde Gro\u00dfenlu\u00cc\u02c6der nehmen teil, in Kitas und Schulen. Die Projekte umfassen: Schattentheater, Klang-Geschichten, Stockpuppen-Theater, ein kleines Theaterstu\u00cc\u02c6ck und einen fetzigen Rap.<\/p>\n<p>Christine Ebert, Musikschule Ebert, begleitet selbst die w\u00f6chentlichen Einheiten und freut sich sehr, mit welcher Begeisterung von allen mitwirkenden Kinder Mozarts zauberfafteste und auch letzte Oper aufgenommen wird.<\/p>\n<p>Die sieben Workshop-Kinder der Kita Mu\u00cc\u02c6s haben selbst die Figuren fu\u00cc\u02c6r Stockpuppen gestaltet, mit welchen sie bei der Auffu\u00cc\u02c6hrung eine Szene der Mozart-Oper nachspielen werden.<\/p>\n","protected":false},"excerpt":{"rendered":"<div class=\"tmnf_excerpt\"><p>Im Rahmen der \u201eH\u00f6r-mal-hin\u201c &#8211; Konzertreihe, einer einzigartigen Konzertreihe im Landkreis Fulda, erarbeiten Kinder der Gemeinde Gro\u00dfenlu\u00cc\u02c6der in verschiedensten Workshops tolle Projekte zum Thema \u201eZauberfl\u00f6te\u201c von Wolfgang Amadeus Mozart. Diese Workshops finden im M\u00e4rz und teilweise noch im April statt, und werden am Freitag, 24. April um 18.30 Uhr bei einer gro\u00dfen Auffu\u00cc\u02c6hrung pr\u00e4sentiert. Insgesamt &hellip;<\/p>\n<\/div>","protected":false},"author":1,"featured_media":137277,"comment_status":"closed","ping_status":"closed","sticky":false,"template":"","format":"standard","meta":{"footnotes":""},"categories":[1,53,72],"tags":[],"class_list":["post-137276","post","type-post","status-publish","format-standard","has-post-thumbnail","hentry","category-startseite","category-bildung","category-jugend"],"_links":{"self":[{"href":"https:\/\/www.fuldaernachrichten.de\/index.php?rest_route=\/wp\/v2\/posts\/137276","targetHints":{"allow":["GET"]}}],"collection":[{"href":"https:\/\/www.fuldaernachrichten.de\/index.php?rest_route=\/wp\/v2\/posts"}],"about":[{"href":"https:\/\/www.fuldaernachrichten.de\/index.php?rest_route=\/wp\/v2\/types\/post"}],"author":[{"embeddable":true,"href":"https:\/\/www.fuldaernachrichten.de\/index.php?rest_route=\/wp\/v2\/users\/1"}],"replies":[{"embeddable":true,"href":"https:\/\/www.fuldaernachrichten.de\/index.php?rest_route=%2Fwp%2Fv2%2Fcomments&post=137276"}],"version-history":[{"count":1,"href":"https:\/\/www.fuldaernachrichten.de\/index.php?rest_route=\/wp\/v2\/posts\/137276\/revisions"}],"predecessor-version":[{"id":137278,"href":"https:\/\/www.fuldaernachrichten.de\/index.php?rest_route=\/wp\/v2\/posts\/137276\/revisions\/137278"}],"wp:featuredmedia":[{"embeddable":true,"href":"https:\/\/www.fuldaernachrichten.de\/index.php?rest_route=\/wp\/v2\/media\/137277"}],"wp:attachment":[{"href":"https:\/\/www.fuldaernachrichten.de\/index.php?rest_route=%2Fwp%2Fv2%2Fmedia&parent=137276"}],"wp:term":[{"taxonomy":"category","embeddable":true,"href":"https:\/\/www.fuldaernachrichten.de\/index.php?rest_route=%2Fwp%2Fv2%2Fcategories&post=137276"},{"taxonomy":"post_tag","embeddable":true,"href":"https:\/\/www.fuldaernachrichten.de\/index.php?rest_route=%2Fwp%2Fv2%2Ftags&post=137276"}],"curies":[{"name":"wp","href":"https:\/\/api.w.org\/{rel}","templated":true}]}}