{"id":137248,"date":"2015-04-08T18:27:52","date_gmt":"2015-04-08T16:27:52","guid":{"rendered":"http:\/\/www.fuldaer-nachrichten.de\/?p=137248"},"modified":"2015-04-08T18:27:52","modified_gmt":"2015-04-08T16:27:52","slug":"infos-zu-berufsfachschulen-2","status":"publish","type":"post","link":"https:\/\/www.fuldaernachrichten.de\/?p=137248","title":{"rendered":"Infos zu Berufsfachschulen"},"content":{"rendered":"<p>Zu einem Beratungsabend \u00fcber die Berufsfachschulen l\u00e4dt das Team des Bildungsunternehmens Dr. Jordan am Donnerstag, 16. April, in der Zeit von 18.00 bis 19.30 Uhr in die Rabanusstra\u00dfe 40 &#8211; 42 in Fulda, ein. Im Fokus stehen die Zweij\u00e4hrige h\u00f6here Berufsfachschule sowie die Zweij\u00e4hrige kaufm\u00e4nnische Berufsfachschule. Fachbereichsleiterin Heike Hluchnik erl\u00e4utert Inhalte der beiden Schulformen und stellt das Bildungsunternehmen vor. B\u00fcrowirtschafts- und Fremdsprachenassistenten sind Berufe, die ausschlie\u00dflich \u00fcber eine schulische Ausbildung \u2013 die Zweij\u00e4hrige h\u00f6here Berufsfachschule \u2013 erreicht werden. Zu dieser Assistenzausbildung ist der zus\u00e4tzliche Erwerb der Fachhochschulreife m\u00f6glich. Angesprochen sind hier Realsch\u00fcler, die ihren Berufsabschluss erreichen m\u00f6chten. W\u00e4hrend der Zweij\u00e4hrigen kaufm\u00e4nnischen Berufsfachschule erhalten Sch\u00fcler mit Hauptschulabschluss eine berufliche Grundausbildung im kaufm\u00e4nnischen Bereich. Ein besonderer Vorteil dieser Schulform ist die Lehrzeitverk\u00fcrzung: Bei Aufnahme einer Ausbildung im kaufm\u00e4nnischen Bereich kann bis zu einem Jahr auf das Ausbildungsverh\u00e4ltnis angerechnet werden. Die Beratungsabende werden bis zu den Sommerferien ab sofort kontinuierlich immer donnerstags von 18.00 bis 19.30 Uhr fortgef\u00fchrt.<\/p>\n","protected":false},"excerpt":{"rendered":"<div class=\"tmnf_excerpt\"><p>Zu einem Beratungsabend \u00fcber die Berufsfachschulen l\u00e4dt das Team des Bildungsunternehmens Dr. Jordan am Donnerstag, 16. April, in der Zeit von 18.00 bis 19.30 Uhr in die Rabanusstra\u00dfe 40 &#8211; 42 in Fulda, ein. Im Fokus stehen die Zweij\u00e4hrige h\u00f6here Berufsfachschule sowie die Zweij\u00e4hrige kaufm\u00e4nnische Berufsfachschule. Fachbereichsleiterin Heike Hluchnik erl\u00e4utert Inhalte der beiden Schulformen und &hellip;<\/p>\n<\/div>","protected":false},"author":1,"featured_media":0,"comment_status":"closed","ping_status":"closed","sticky":false,"template":"","format":"standard","meta":{"footnotes":""},"categories":[1,53],"tags":[],"class_list":["post-137248","post","type-post","status-publish","format-standard","hentry","category-startseite","category-bildung"],"_links":{"self":[{"href":"https:\/\/www.fuldaernachrichten.de\/index.php?rest_route=\/wp\/v2\/posts\/137248","targetHints":{"allow":["GET"]}}],"collection":[{"href":"https:\/\/www.fuldaernachrichten.de\/index.php?rest_route=\/wp\/v2\/posts"}],"about":[{"href":"https:\/\/www.fuldaernachrichten.de\/index.php?rest_route=\/wp\/v2\/types\/post"}],"author":[{"embeddable":true,"href":"https:\/\/www.fuldaernachrichten.de\/index.php?rest_route=\/wp\/v2\/users\/1"}],"replies":[{"embeddable":true,"href":"https:\/\/www.fuldaernachrichten.de\/index.php?rest_route=%2Fwp%2Fv2%2Fcomments&post=137248"}],"version-history":[{"count":1,"href":"https:\/\/www.fuldaernachrichten.de\/index.php?rest_route=\/wp\/v2\/posts\/137248\/revisions"}],"predecessor-version":[{"id":137256,"href":"https:\/\/www.fuldaernachrichten.de\/index.php?rest_route=\/wp\/v2\/posts\/137248\/revisions\/137256"}],"wp:attachment":[{"href":"https:\/\/www.fuldaernachrichten.de\/index.php?rest_route=%2Fwp%2Fv2%2Fmedia&parent=137248"}],"wp:term":[{"taxonomy":"category","embeddable":true,"href":"https:\/\/www.fuldaernachrichten.de\/index.php?rest_route=%2Fwp%2Fv2%2Fcategories&post=137248"},{"taxonomy":"post_tag","embeddable":true,"href":"https:\/\/www.fuldaernachrichten.de\/index.php?rest_route=%2Fwp%2Fv2%2Ftags&post=137248"}],"curies":[{"name":"wp","href":"https:\/\/api.w.org\/{rel}","templated":true}]}}