{"id":137173,"date":"2015-04-07T12:52:02","date_gmt":"2015-04-07T10:52:02","guid":{"rendered":"http:\/\/www.fuldaer-nachrichten.de\/?p=137173"},"modified":"2015-04-07T12:52:02","modified_gmt":"2015-04-07T10:52:02","slug":"in-fulda-tut-sich-etwas-fuer-jugendliche","status":"publish","type":"post","link":"https:\/\/www.fuldaernachrichten.de\/?p=137173","title":{"rendered":"In Fulda tut sich etwas f\u00fcr Jugendliche"},"content":{"rendered":"<p>Am Samstag, 25. April 2015 findet das n\u00e4chste Fuldaer Jugendforum um 14 Uhr im Forum Kanzlerpalais statt (Eingang \u00fcber die VHS \u2013 Unterm Hl. Kreuz 1). Dazu sind alle Jugendlichen zwischen 13 und 19 Jahren herzliche eingeladen.<br \/>\nDie Jugendlichen haben ein Jugendforum f\u00fcr die Ohren vorbereitet. Gestartet wird mit einem Poetry Slam, in dem junge K\u00fcnstler\/innen ihre Werke pr\u00e4sentieren. Danach gibt es die M\u00f6glichkeit zur Mitarbeit in einer der Kleingruppen. Auf dem Programm stehen Themen wir Sport, Treffpunkte f\u00fcr Jugendliche, Veranstaltungen von und f\u00fcr Jugendliche und die Jugendthementage.<br \/>\nZur Abrundung des Jugendforums f\u00fcr die Ohren spielt die Band BlackWater f\u00fcr alle auf.<\/p>\n<p>Das Jugendforum der Stadt Fulda bietet Jugendlichen zwischen 13 und 19 Jahren die M\u00f6glichkeit, sich einzumischen, mitzumischen oder gar Dinge aufzumischen. Seit Januar treffen sich die Jugendlichen alle zwei Wochen und besprechen in Kleingruppen die Themen, die sie sich selbst ausgesucht haben. Erste Ergebnisse der Gruppenarbeit sind jetzt schon zu sehen, denn der Poetry Slam und der Auftritt der Band BlackWater wurden von den Jugendlichen aus der Gruppe \u201eVeranstaltungen\u201c eigenst\u00e4ndig organisiert.<\/p>\n<p>Weitere Infos unter: Jugendbildungswerk Stadt Fulda, Heike M\u00fcnker, Tel: 0661 102-1993<\/p>\n","protected":false},"excerpt":{"rendered":"<div class=\"tmnf_excerpt\"><p>Am Samstag, 25. April 2015 findet das n\u00e4chste Fuldaer Jugendforum um 14 Uhr im Forum Kanzlerpalais statt (Eingang \u00fcber die VHS \u2013 Unterm Hl. Kreuz 1). Dazu sind alle Jugendlichen zwischen 13 und 19 Jahren herzliche eingeladen. Die Jugendlichen haben ein Jugendforum f\u00fcr die Ohren vorbereitet. Gestartet wird mit einem Poetry Slam, in dem junge &hellip;<\/p>\n<\/div>","protected":false},"author":1,"featured_media":0,"comment_status":"closed","ping_status":"closed","sticky":false,"template":"","format":"standard","meta":{"footnotes":""},"categories":[1,53,72],"tags":[],"class_list":["post-137173","post","type-post","status-publish","format-standard","hentry","category-startseite","category-bildung","category-jugend"],"_links":{"self":[{"href":"https:\/\/www.fuldaernachrichten.de\/index.php?rest_route=\/wp\/v2\/posts\/137173","targetHints":{"allow":["GET"]}}],"collection":[{"href":"https:\/\/www.fuldaernachrichten.de\/index.php?rest_route=\/wp\/v2\/posts"}],"about":[{"href":"https:\/\/www.fuldaernachrichten.de\/index.php?rest_route=\/wp\/v2\/types\/post"}],"author":[{"embeddable":true,"href":"https:\/\/www.fuldaernachrichten.de\/index.php?rest_route=\/wp\/v2\/users\/1"}],"replies":[{"embeddable":true,"href":"https:\/\/www.fuldaernachrichten.de\/index.php?rest_route=%2Fwp%2Fv2%2Fcomments&post=137173"}],"version-history":[{"count":1,"href":"https:\/\/www.fuldaernachrichten.de\/index.php?rest_route=\/wp\/v2\/posts\/137173\/revisions"}],"predecessor-version":[{"id":137174,"href":"https:\/\/www.fuldaernachrichten.de\/index.php?rest_route=\/wp\/v2\/posts\/137173\/revisions\/137174"}],"wp:attachment":[{"href":"https:\/\/www.fuldaernachrichten.de\/index.php?rest_route=%2Fwp%2Fv2%2Fmedia&parent=137173"}],"wp:term":[{"taxonomy":"category","embeddable":true,"href":"https:\/\/www.fuldaernachrichten.de\/index.php?rest_route=%2Fwp%2Fv2%2Fcategories&post=137173"},{"taxonomy":"post_tag","embeddable":true,"href":"https:\/\/www.fuldaernachrichten.de\/index.php?rest_route=%2Fwp%2Fv2%2Ftags&post=137173"}],"curies":[{"name":"wp","href":"https:\/\/api.w.org\/{rel}","templated":true}]}}