{"id":137134,"date":"2015-04-04T14:05:02","date_gmt":"2015-04-04T12:05:02","guid":{"rendered":"http:\/\/www.fuldaer-nachrichten.de\/?p=137134"},"modified":"2015-04-04T14:05:08","modified_gmt":"2015-04-04T12:05:08","slug":"projekt-petra-aus-schluechtern-bietet-jugendhilfe-im-heim-und-in-tagesgruppen","status":"publish","type":"post","link":"https:\/\/www.fuldaernachrichten.de\/?p=137134","title":{"rendered":"\u201eProjekt Petra\u201c aus Schl\u00fcchtern bietet Jugendhilfe im Heim und in Tagesgruppen"},"content":{"rendered":"<p>Klare Strukturen sind sowohl im Alltag als auch in der Erziehung wichtig. Wenn in Schule und Familie Probleme auftreten, kann das \u201eProjekt Petra\u201c Kindern und Jugendlichen helfen.<\/p>\n<p>Idyllisch liegt der Komplex des Kinder- und Jugendheims \u201eHaus Petra\u201c auf einer Anh\u00f6he am Waldrand s\u00fcd\u00f6stlich von Schl\u00fcchtern. Seit 1976 werden hier Kinder und Jugendliche betreut. Junge Menschen von acht bis 16 Jahren, die mit komplexen St\u00f6rungsbildern und Problemen belastet sind und eine intensive vollstation\u00e4re p\u00e4dagogische Betreuung ben\u00f6tigen, k\u00f6nnen Aufnahme finden. Im Haus steht ein interdisziplin\u00e4res Team aus 14 Mitarbeitern vom Diplom-Psychologen \u00fcber Sozialp\u00e4dagogen und Erzieher bis zu Lehrern bereit. \u201eDie Probleme, mit denen Kinder und Jugendliche zu uns kommen, sind vielf\u00e4ltig: Manchmal sind die Eltern mit der Erziehung \u00fcberfordert, in anderen F\u00e4llen verhindert ein Aufmerksamkeitsdefizit die konzentrierte Mitarbeit im Unterricht\u201c, erkl\u00e4rt Gesch\u00e4ftsf\u00fchrerin Sarah Goldbach. Ziel des Aufenthalts im Heim ist stets, die Kinder und Jugendlichen in die Familie zur\u00fcckzuf\u00fchren.<\/p>\n<p>Momentan sind es vier Jugendhilfepl\u00e4tze, die vom Jugendamt des Landkreises Fulda im \u201eHaus Petra\u201c in Schl\u00fcchtern belegt werden. Zus\u00e4tzlich betreibt das \u201eProjekt Petra\u201c teilstation\u00e4re p\u00e4dagogische Einrichtungen unter anderem in Fulda, Neuhof, K\u00fcnzell und Hosenfeld. Die \u201ePan\u201c-Abteilung in der Fuldaer Rabanusstra\u00dfe etwa ist ein Jugendhilfeangebot, das sich an Kinder und Jugendliche zwischen zw\u00f6lf und 18 Jahren, junge Vollj\u00e4hrige und ihre Familien richtet. Der Anlass der Hilfe besteht zumeist in erheblichen sozialen Auff\u00e4lligkeiten, insbesondere im schulischen und famili\u00e4ren Zusammenhang. Vorhandene Ressourcen sollen aktiviert, berufliche Perspektiven aufgezeigt werden. F\u00fcr den erfolgreichen Verlauf ist auch hier das famili\u00e4re Umfeld von Bedeutung.<\/p>\n<p>Im Kinder- und Jugendheim \u201eHaus Petra\u201c in Schl\u00fcchtern wird diese famili\u00e4re Geborgenheit und Lebensqualit\u00e4t gro\u00df geschrieben: Das \u00e4sthetisch ansprechende Wohnambiente soll zur Identifikation einladen, vielf\u00e4ltige Freizeitaktivit\u00e4ten schaffen positive Erfahrungen im Handeln und Erleben: \u201eManche St\u00f6rungen haben sich so ausgewachsen, dass die Hilfe tiefer gehen muss\u201c, f\u00fchrt Sarah Goldbach aus. Im Gegensatz zu den teilstation\u00e4ren Einrichtungen wird in der Vollzeitbetreuung ein engmaschiges Netz von Aktivit\u00e4ten geboten. Psychologen nehmen an den Tagesaktivit\u00e4ten teil, lernen die Kinder besser kennen, die so schnell in die vorgegebenen Strukturen hineinwachsen: Nach dem obligatorischen Probewohnen von mindestens drei Tagen werden die Regeln schnell internalisiert \u2013 22 Kinder und Jugendliche im Alter von sechs bis 18 Jahren wohnen in einer gro\u00dfen Gruppe. Kreative Angebote reichen vom Werken \u00fcber Fu\u00dfball und Tennis bis zur Musikgruppe. \u201eVereinsmitgliedschaften vor Ort, ob freiwillige Feuerwehr oder Rotes Kreuz, verbessern die Integration in die Klassengemeinschaft\u201c, betont Goldbach. Das Schulangebot in Schl\u00fcchtern reicht von Grund- bis Berufsschule, die Jugendlichen bleiben im Schnitt drei bis vier Jahre im Heim und gehen vor Ort zur Schule.<\/p>\n<p>Um das Zusammenleben in der Familie des Betreuten zu verbessern, werden die Leistungen fr\u00fcher oder sp\u00e4ter ausgeschlichen: Heimbewohner d\u00fcrfen am Wochenende nach Hause, in teilstation\u00e4ren Einrichtungen wird nach der Intensivphase mit Hilfe an vier bis f\u00fcnf Tagen die Intensit\u00e4t der F\u00f6rderung reduziert. Im Elterngespr\u00e4ch wird alle vier Wochen ein Feedback eingeholt: \u201eDas sind Familienkonferenzen, durch die vor allem die Kommunikation innerhalb der Familie verbessert wird\u201c, erkl\u00e4rt Goldbach. Mit der Vollj\u00e4hrigkeit endet die Betreuung im Normalfall, die \u201eHilfe f\u00fcr junge Vollj\u00e4hrige\u201c erlaubt eine Verl\u00e4ngerung.<\/p>\n<p>Zum Bild: Famili\u00e4res Ambiente: Im Kinder- und Jugendheim \u201eHaus Petra\u201c in Schl\u00fcchtern werden soziale Kompetenz und pers\u00f6nliche Entwicklung gef\u00f6rdert.<\/p>\n","protected":false},"excerpt":{"rendered":"<div class=\"tmnf_excerpt\"><p>Klare Strukturen sind sowohl im Alltag als auch in der Erziehung wichtig. Wenn in Schule und Familie Probleme auftreten, kann das \u201eProjekt Petra\u201c Kindern und Jugendlichen helfen. Idyllisch liegt der Komplex des Kinder- und Jugendheims \u201eHaus Petra\u201c auf einer Anh\u00f6he am Waldrand s\u00fcd\u00f6stlich von Schl\u00fcchtern. Seit 1976 werden hier Kinder und Jugendliche betreut. Junge Menschen &hellip;<\/p>\n<\/div>","protected":false},"author":1,"featured_media":137135,"comment_status":"closed","ping_status":"closed","sticky":false,"template":"","format":"standard","meta":{"footnotes":""},"categories":[1,72],"tags":[],"class_list":["post-137134","post","type-post","status-publish","format-standard","has-post-thumbnail","hentry","category-startseite","category-jugend"],"_links":{"self":[{"href":"https:\/\/www.fuldaernachrichten.de\/index.php?rest_route=\/wp\/v2\/posts\/137134","targetHints":{"allow":["GET"]}}],"collection":[{"href":"https:\/\/www.fuldaernachrichten.de\/index.php?rest_route=\/wp\/v2\/posts"}],"about":[{"href":"https:\/\/www.fuldaernachrichten.de\/index.php?rest_route=\/wp\/v2\/types\/post"}],"author":[{"embeddable":true,"href":"https:\/\/www.fuldaernachrichten.de\/index.php?rest_route=\/wp\/v2\/users\/1"}],"replies":[{"embeddable":true,"href":"https:\/\/www.fuldaernachrichten.de\/index.php?rest_route=%2Fwp%2Fv2%2Fcomments&post=137134"}],"version-history":[{"count":1,"href":"https:\/\/www.fuldaernachrichten.de\/index.php?rest_route=\/wp\/v2\/posts\/137134\/revisions"}],"predecessor-version":[{"id":137136,"href":"https:\/\/www.fuldaernachrichten.de\/index.php?rest_route=\/wp\/v2\/posts\/137134\/revisions\/137136"}],"wp:featuredmedia":[{"embeddable":true,"href":"https:\/\/www.fuldaernachrichten.de\/index.php?rest_route=\/wp\/v2\/media\/137135"}],"wp:attachment":[{"href":"https:\/\/www.fuldaernachrichten.de\/index.php?rest_route=%2Fwp%2Fv2%2Fmedia&parent=137134"}],"wp:term":[{"taxonomy":"category","embeddable":true,"href":"https:\/\/www.fuldaernachrichten.de\/index.php?rest_route=%2Fwp%2Fv2%2Fcategories&post=137134"},{"taxonomy":"post_tag","embeddable":true,"href":"https:\/\/www.fuldaernachrichten.de\/index.php?rest_route=%2Fwp%2Fv2%2Ftags&post=137134"}],"curies":[{"name":"wp","href":"https:\/\/api.w.org\/{rel}","templated":true}]}}