{"id":137117,"date":"2015-04-03T11:44:27","date_gmt":"2015-04-03T09:44:27","guid":{"rendered":"http:\/\/www.fuldaer-nachrichten.de\/?p=137117"},"modified":"2015-04-03T11:44:27","modified_gmt":"2015-04-03T09:44:27","slug":"investiert-in-die-zukunft-orchester-der-ffw-dirlos-eroeffnet-neuen-probenraum-etabliert-musikalische-frueherziehung-und-blockfloetenunterricht","status":"publish","type":"post","link":"https:\/\/www.fuldaernachrichten.de\/?p=137117","title":{"rendered":"Investiert in die Zukunft: Orchester der FFW Dirlos er\u00f6ffnet neuen Probenraum, etabliert musikalische Fr\u00fcherziehung und Blockfl\u00f6tenunterricht"},"content":{"rendered":"<p>Am 19. April 2015 wird der neue Probenraum des Orchesters im rundum modernisierten Feuerwehrst\u00fctzpunkt Dirlos eingeweiht. Alle Interessierten sind ab 13.30 Uhr herzlich dazu eingeladen, das technisch bestger\u00fcstete Musikzentrum zu erkunden. Gut ein Jahr dauerte der Umbau der Vereinsr\u00e4ume, wobei ein Gro\u00dfteil der Renovierungsarbeiten von den Orchestermitgliedern in Eigenleistung erbracht wurde. Und das Ergebnis l\u00e4sst sich sehen. Das Schlagwerk wird nun platzsparend von Schwerlastregalen getragen, eine neu entworfene K\u00fcche verspricht gem\u00fctliche Gemeinschaftsabende und eine Wendeltreppe f\u00fchrt zu stattlichen Sitzungs- und Lagerr\u00e4umen im Dachgeschoss. Beamer, Leinwand, Soundsystem, Flat Screen und Deckenmikrofone geh\u00f6ren zu den i-T\u00fcpfelchen der erneuerten Lokalit\u00e4t. Doch insbesondere das ausgekl\u00fcgelte Licht-, Klima- und Akustikkonzept definiert die Qualit\u00e4t des Probens f\u00fcr die 55 Musikerinnen und Musiker ganz neu.<\/p>\n<p>Das Feuerwehrorchester sieht in dem Neubau auch die Chance, die Jugendarbeit des Vereins auszudehnen und wird zus\u00e4tzlich zum Jugendorchester schon in den n\u00e4chsten Tagen eine musikalische Fr\u00fcherziehung f\u00fcr Kinder ab 3 Jahren und einen Blockfl\u00f6tenunterricht f\u00fcr Kinder ab 5 Jahren etablieren. In beiden Gruppierungen werden die Kinder altersgerecht und spielerisch der Musik n\u00e4her gebracht. Die Nachwuchstalente erlernen unter p\u00e4dagogisch wertvoller Betreuung Noten, Rhythmus und Klanggef\u00fchl, haben dar\u00fcber hinaus Spa\u00df an der Gemeinschaft mit Gleichaltrigen, beim Tanz, Spiel und Bewegung. Am 26. April wird ein Infonachmittag mit allen Details im neuen Probenraum stattfinden. Dar\u00fcber werden wir auch hier auf dieser Plattform noch ausgiebig berichten.<\/p>\n<p>Bis dahin w\u00fcnschen wir Ihnen eine gute Zeit und freuen uns, Sie zur Er\u00f6ffnung des Feuerwehrst\u00fctzpunktes am 19. April begr\u00fc\u00dfen zu d\u00fcrfen! \u00dcbrigens: Sie erwartet ein buntes Rahmenprogramm und f\u00fcr das leibliche Wohl ist selbstverst\u00e4ndlich gesorgt.<\/p>\n","protected":false},"excerpt":{"rendered":"<div class=\"tmnf_excerpt\"><p>Am 19. April 2015 wird der neue Probenraum des Orchesters im rundum modernisierten Feuerwehrst\u00fctzpunkt Dirlos eingeweiht. Alle Interessierten sind ab 13.30 Uhr herzlich dazu eingeladen, das technisch bestger\u00fcstete Musikzentrum zu erkunden. Gut ein Jahr dauerte der Umbau der Vereinsr\u00e4ume, wobei ein Gro\u00dfteil der Renovierungsarbeiten von den Orchestermitgliedern in Eigenleistung erbracht wurde. Und das Ergebnis l\u00e4sst &hellip;<\/p>\n<\/div>","protected":false},"author":1,"featured_media":0,"comment_status":"closed","ping_status":"closed","sticky":false,"template":"","format":"standard","meta":{"footnotes":""},"categories":[1,53,72],"tags":[],"class_list":["post-137117","post","type-post","status-publish","format-standard","hentry","category-startseite","category-bildung","category-jugend"],"_links":{"self":[{"href":"https:\/\/www.fuldaernachrichten.de\/index.php?rest_route=\/wp\/v2\/posts\/137117","targetHints":{"allow":["GET"]}}],"collection":[{"href":"https:\/\/www.fuldaernachrichten.de\/index.php?rest_route=\/wp\/v2\/posts"}],"about":[{"href":"https:\/\/www.fuldaernachrichten.de\/index.php?rest_route=\/wp\/v2\/types\/post"}],"author":[{"embeddable":true,"href":"https:\/\/www.fuldaernachrichten.de\/index.php?rest_route=\/wp\/v2\/users\/1"}],"replies":[{"embeddable":true,"href":"https:\/\/www.fuldaernachrichten.de\/index.php?rest_route=%2Fwp%2Fv2%2Fcomments&post=137117"}],"version-history":[{"count":1,"href":"https:\/\/www.fuldaernachrichten.de\/index.php?rest_route=\/wp\/v2\/posts\/137117\/revisions"}],"predecessor-version":[{"id":137118,"href":"https:\/\/www.fuldaernachrichten.de\/index.php?rest_route=\/wp\/v2\/posts\/137117\/revisions\/137118"}],"wp:attachment":[{"href":"https:\/\/www.fuldaernachrichten.de\/index.php?rest_route=%2Fwp%2Fv2%2Fmedia&parent=137117"}],"wp:term":[{"taxonomy":"category","embeddable":true,"href":"https:\/\/www.fuldaernachrichten.de\/index.php?rest_route=%2Fwp%2Fv2%2Fcategories&post=137117"},{"taxonomy":"post_tag","embeddable":true,"href":"https:\/\/www.fuldaernachrichten.de\/index.php?rest_route=%2Fwp%2Fv2%2Ftags&post=137117"}],"curies":[{"name":"wp","href":"https:\/\/api.w.org\/{rel}","templated":true}]}}