{"id":137092,"date":"2015-04-02T11:13:11","date_gmt":"2015-04-02T09:13:11","guid":{"rendered":"http:\/\/www.fuldaer-nachrichten.de\/?p=137092"},"modified":"2015-04-02T11:13:11","modified_gmt":"2015-04-02T09:13:11","slug":"europaeische-union-unterstuetzt-qualifizierung-junger-menschen-in-fulda","status":"publish","type":"post","link":"https:\/\/www.fuldaernachrichten.de\/?p=137092","title":{"rendered":"\u201eEurop\u00e4ische Union unterst\u00fctzt Qualifizierung junger Menschen in Fulda\u201c"},"content":{"rendered":"<p>Hessens Europaministerin Lucia Puttrich hat sich bei einem Besuch der Produktionsschule der Gr\u00fcmel gGmbH in Fulda \u00fcber das mit EU-Mitteln gef\u00f6rderte Projekt informiert. \u201eMenschen mit unterschiedlichen Talenten m\u00fcssen \u00fcber verschiedene Wege in eine erfolgreiche Zukunft gef\u00fchrt werden. Ein wichtiger Ansatz ist, benachteiligten Jugendlichen neben einer beruflichen Orientierung auch p\u00e4dagogische Hilfe zur Qualifikation sowie Weiterbildungsangebote zu erm\u00f6glichen. Die vielen positiven Synergieeffekte der Firma Gr\u00fcmel erm\u00f6glichen passgenaue Hilfestellung f\u00fcr benachteiligte Jugendliche\u201c, so Lucia Puttrich bei ihrem Besuch in Fulda. F\u00fcr die Produktionsschule werden neben den Mitteln vom kommunalen Kreisjobcenter und der Stadt Fulda, 84.000 Euro aus dem Europ\u00e4ischen Sozialfonds bereitgestellt. Mit 29.000 Euro unterst\u00fctzt das Land Hessen die Arbeit vor Ort.<\/p>\n<p>Die Jugendlichen im Alter zwischen 16 und 25 Jahren sollen in einem Zeitraum von sechs Monaten bis zu einem Jahr im Werkstattalltag Schl\u00fcsselqualifikationen wie Zuverl\u00e4ssigkeit, P\u00fcnktlichkeit, Verbindlichkeit und Ausdauer sowie handwerkliche F\u00e4higkeiten erwerben und festigen. Dabei werden sie von geschultem Fachpersonal an die Hand genommen und an das Berufsleben herangef\u00fchrt. \u201eDie Wertsch\u00e4tzung der eigenen Arbeit, die man hier von au\u00dfen, vom Fachpersonal, aber auch durch die Kolleginnen und Kollegen erf\u00e4hrt, sind motivierend und lehrreich zugleich\u201c, betonte Europaministerin Puttrich.<\/p>\n<p>Dar\u00fcber hinaus wird den Jugendlichen hier die Chance geboten, sich weiter zu qualifizieren und den Schulabschluss nachzuholen. Innerhalb des Programms finden viele gemeinsame Projekte statt, die z.B. die interkulturelle Kompetenz f\u00f6rdern oder \u00fcber Sucht-, Drogen- und Schuldenpr\u00e4vention informieren. Das h\u00e4usliche Umfeld wird bei allem eingebunden, so dass sich die Teilnehmenden stets in einem verl\u00e4sslichen Rahmen bewegen. \u201eDer Erfolg ist sichtbar: Die Vermittlungsquote liegt weit \u00fcber der 50-Prozent-Marke und das schon \u00fcber mehrere Jahre. Die \u00fcberwiegende Zahl der Teilnehmenden wird in eine Ausbildung \u00fcbernommen oder findet eine Anstellung am ersten Arbeitsmarkt\u201c, sagte Puttrich abschlie\u00dfend.<\/p>\n","protected":false},"excerpt":{"rendered":"<div class=\"tmnf_excerpt\"><p>Hessens Europaministerin Lucia Puttrich hat sich bei einem Besuch der Produktionsschule der Gr\u00fcmel gGmbH in Fulda \u00fcber das mit EU-Mitteln gef\u00f6rderte Projekt informiert. \u201eMenschen mit unterschiedlichen Talenten m\u00fcssen \u00fcber verschiedene Wege in eine erfolgreiche Zukunft gef\u00fchrt werden. Ein wichtiger Ansatz ist, benachteiligten Jugendlichen neben einer beruflichen Orientierung auch p\u00e4dagogische Hilfe zur Qualifikation sowie Weiterbildungsangebote zu &hellip;<\/p>\n<\/div>","protected":false},"author":1,"featured_media":0,"comment_status":"closed","ping_status":"closed","sticky":false,"template":"","format":"standard","meta":{"footnotes":""},"categories":[1,53,72,29],"tags":[],"class_list":["post-137092","post","type-post","status-publish","format-standard","hentry","category-startseite","category-bildung","category-jugend","category-politik"],"_links":{"self":[{"href":"https:\/\/www.fuldaernachrichten.de\/index.php?rest_route=\/wp\/v2\/posts\/137092","targetHints":{"allow":["GET"]}}],"collection":[{"href":"https:\/\/www.fuldaernachrichten.de\/index.php?rest_route=\/wp\/v2\/posts"}],"about":[{"href":"https:\/\/www.fuldaernachrichten.de\/index.php?rest_route=\/wp\/v2\/types\/post"}],"author":[{"embeddable":true,"href":"https:\/\/www.fuldaernachrichten.de\/index.php?rest_route=\/wp\/v2\/users\/1"}],"replies":[{"embeddable":true,"href":"https:\/\/www.fuldaernachrichten.de\/index.php?rest_route=%2Fwp%2Fv2%2Fcomments&post=137092"}],"version-history":[{"count":1,"href":"https:\/\/www.fuldaernachrichten.de\/index.php?rest_route=\/wp\/v2\/posts\/137092\/revisions"}],"predecessor-version":[{"id":137096,"href":"https:\/\/www.fuldaernachrichten.de\/index.php?rest_route=\/wp\/v2\/posts\/137092\/revisions\/137096"}],"wp:attachment":[{"href":"https:\/\/www.fuldaernachrichten.de\/index.php?rest_route=%2Fwp%2Fv2%2Fmedia&parent=137092"}],"wp:term":[{"taxonomy":"category","embeddable":true,"href":"https:\/\/www.fuldaernachrichten.de\/index.php?rest_route=%2Fwp%2Fv2%2Fcategories&post=137092"},{"taxonomy":"post_tag","embeddable":true,"href":"https:\/\/www.fuldaernachrichten.de\/index.php?rest_route=%2Fwp%2Fv2%2Ftags&post=137092"}],"curies":[{"name":"wp","href":"https:\/\/api.w.org\/{rel}","templated":true}]}}