{"id":137084,"date":"2015-04-02T11:10:08","date_gmt":"2015-04-02T09:10:08","guid":{"rendered":"http:\/\/www.fuldaer-nachrichten.de\/?p=137084"},"modified":"2015-04-02T11:10:08","modified_gmt":"2015-04-02T09:10:08","slug":"in-den-sommerferien-wirds-nicht-langweilig","status":"publish","type":"post","link":"https:\/\/www.fuldaernachrichten.de\/?p=137084","title":{"rendered":"In den Sommerferien wird\u00e2\u20ac\u2122s nicht langweilig"},"content":{"rendered":"<p><a href=\"http:\/\/www.fuldaer-nachrichten.de\/wp-content\/uploads\/2015\/04\/Bild3.jpg\"><img decoding=\"async\" class=\"alignleft size-medium wp-image-137086\" src=\"http:\/\/www.fuldaer-nachrichten.de\/wp-content\/uploads\/2015\/04\/Bild3-265x183.jpg\" alt=\"Bild3\" width=\"265\" height=\"183\" srcset=\"https:\/\/www.fuldaernachrichten.de\/wp-content\/uploads\/2015\/04\/Bild3-265x183.jpg 265w, https:\/\/www.fuldaernachrichten.de\/wp-content\/uploads\/2015\/04\/Bild3-600x415.jpg 600w, https:\/\/www.fuldaernachrichten.de\/wp-content\/uploads\/2015\/04\/Bild3.jpg 900w\" sizes=\"(max-width: 265px) 100vw, 265px\" \/><\/a>Noch sind es ein paar Monate bis zu den gro\u00dfen Sommerferien, doch mancher macht sich vielleicht schon Gedanken, wie die Ferien im Sommer aussehen k\u00f6nnten. Die Stadt Fulda tr\u00e4gt hierzu noch einige Ideen bei, da in verschiedenen Ferienfreizeiten noch freie Pl\u00e4tze verf\u00fcgbar sind. F\u00fcr jedes Alter von 6 \u2013 17 Jahren stehen noch Pl\u00e4tze zur Verf\u00fcgung.<\/p>\n<p>Die Ferienspiele \u201eStadtranderholung2\u201c bieten f\u00fcr die 6-9j\u00e4hrigen\u00c2\u00a0 in der 3. Und 4. Ferienwoche allerlei zum entdecken und erleben.<\/p>\n<p>Die Schnupperfreizeit \u201eDie Rh\u00f6n ist sch\u00f6n\u201c vom 10. \u2013 14. August 2015 f\u00fcr 9-11j\u00e4hrige ist wie geschaffen f\u00fcr abenteuerlustige Kids, die das erste mal alleine ohne Mama und Papa Urlaub machen wollen<\/p>\n<p>Auf dem Fluss Regen nahe Regensburg sind die Teilnehmer zwischen 13-15 Jahren in der vierten Ferienwoche 7 Tage mit den Kanus unterwegs. Entspanntes Paddeln geh\u00f6rt ebenso wie rasante Stromschnellen mit zu der Freizeit \u201eKanu aktiv\u201c.<\/p>\n<p>Ebenso sind noch Pl\u00e4tze in den Freizeiten \u201eSommersonne Bodensee\u201c f\u00fcr 11-13j\u00e4hrige verf\u00fcgbar sowie in der Strandfreizeit \u201eSand und Meer\u201c f\u00fcr 12-14j\u00e4hrige in Scharbeutz.<\/p>\n<p>Buchung und weitere Informationen erhalten Sie unter www.bildung-freizeit.de. Ansprechpartner: Daniel Hunold, Amt f\u00fcr Jugend, Familie und Senioren der Stadt Fulda, Zitronemannsg\u00e4sschen 2, Fulda, Tel.: 0661 \u2013 102 1962, E-Mail: freizeit@fulda.de<\/p>\n<p>Familien mit mindestens 3 Kindern, oder Familien mit geringen Einkommensverh\u00e4ltnissen k\u00f6nnen eine Erm\u00e4\u00dfigung des Teilnahmebeitrags beantragen.<\/p>\n","protected":false},"excerpt":{"rendered":"<div class=\"tmnf_excerpt\"><p>Noch sind es ein paar Monate bis zu den gro\u00dfen Sommerferien, doch mancher macht sich vielleicht schon Gedanken, wie die Ferien im Sommer aussehen k\u00f6nnten. Die Stadt Fulda tr\u00e4gt hierzu noch einige Ideen bei, da in verschiedenen Ferienfreizeiten noch freie Pl\u00e4tze verf\u00fcgbar sind. F\u00fcr jedes Alter von 6 \u2013 17 Jahren stehen noch Pl\u00e4tze zur &hellip;<\/p>\n<\/div>","protected":false},"author":1,"featured_media":137085,"comment_status":"closed","ping_status":"closed","sticky":false,"template":"","format":"standard","meta":{"footnotes":""},"categories":[1,53,72],"tags":[],"class_list":["post-137084","post","type-post","status-publish","format-standard","has-post-thumbnail","hentry","category-startseite","category-bildung","category-jugend"],"_links":{"self":[{"href":"https:\/\/www.fuldaernachrichten.de\/index.php?rest_route=\/wp\/v2\/posts\/137084","targetHints":{"allow":["GET"]}}],"collection":[{"href":"https:\/\/www.fuldaernachrichten.de\/index.php?rest_route=\/wp\/v2\/posts"}],"about":[{"href":"https:\/\/www.fuldaernachrichten.de\/index.php?rest_route=\/wp\/v2\/types\/post"}],"author":[{"embeddable":true,"href":"https:\/\/www.fuldaernachrichten.de\/index.php?rest_route=\/wp\/v2\/users\/1"}],"replies":[{"embeddable":true,"href":"https:\/\/www.fuldaernachrichten.de\/index.php?rest_route=%2Fwp%2Fv2%2Fcomments&post=137084"}],"version-history":[{"count":1,"href":"https:\/\/www.fuldaernachrichten.de\/index.php?rest_route=\/wp\/v2\/posts\/137084\/revisions"}],"predecessor-version":[{"id":137087,"href":"https:\/\/www.fuldaernachrichten.de\/index.php?rest_route=\/wp\/v2\/posts\/137084\/revisions\/137087"}],"wp:featuredmedia":[{"embeddable":true,"href":"https:\/\/www.fuldaernachrichten.de\/index.php?rest_route=\/wp\/v2\/media\/137085"}],"wp:attachment":[{"href":"https:\/\/www.fuldaernachrichten.de\/index.php?rest_route=%2Fwp%2Fv2%2Fmedia&parent=137084"}],"wp:term":[{"taxonomy":"category","embeddable":true,"href":"https:\/\/www.fuldaernachrichten.de\/index.php?rest_route=%2Fwp%2Fv2%2Fcategories&post=137084"},{"taxonomy":"post_tag","embeddable":true,"href":"https:\/\/www.fuldaernachrichten.de\/index.php?rest_route=%2Fwp%2Fv2%2Ftags&post=137084"}],"curies":[{"name":"wp","href":"https:\/\/api.w.org\/{rel}","templated":true}]}}