{"id":13706,"date":"2008-11-11T07:10:44","date_gmt":"2008-11-11T06:10:44","guid":{"rendered":"http:\/\/www.schoene-nachrichten.de\/?p=13706"},"modified":"2008-11-11T07:22:01","modified_gmt":"2008-11-11T06:22:01","slug":"klinikum-fulda-erhielt-erneut-anerkennung-zur-diabetesbehandlung","status":"publish","type":"post","link":"https:\/\/www.fuldaernachrichten.de\/?p=13706","title":{"rendered":"Klinikum Fulda erhielt erneut Anerkennung zur Diabetesbehandlung"},"content":{"rendered":"<p><a rel=\"lightbox[roadtrip]\" href=\"http:\/\/www.schoene-nachrichten.de\/wp-content\/uploads\/2008\/11\/081110-prof.jpg\" target=\"_blank\"><img decoding=\"async\" class=\"alignnone size-medium wp-image-13708\" title=\"081110-prof\" src=\"http:\/\/www.schoene-nachrichten.de\/wp-content\/uploads\/2008\/11\/081110-prof-85x128.jpg\" alt=\"\" hspace=\"5\" width=\"85\" height=\"128\" align=\"left\" srcset=\"https:\/\/www.fuldaernachrichten.de\/wp-content\/uploads\/2008\/11\/081110-prof-85x128.jpg 85w, https:\/\/www.fuldaernachrichten.de\/wp-content\/uploads\/2008\/11\/081110-prof.jpg 399w\" sizes=\"(max-width: 85px) 100vw, 85px\" \/><\/a><strong>Fulda. <\/strong>Die Deutsche Diabetes-Gesellschaft (DDG) hat die Medizinische Klinik II (Direktor Prof. Dr. Daniel Jaspersen) des Klinikums Fulda erneut als Behandlungseinrichtung f\u00fcr Patienten mit Diabetes mellitus Typ 1 und 2 anerkannt. Damit wurde der Klinik offiziell bescheinigt, dass sie die Qualit\u00e4tsrichtlinien f\u00fcr die Versorgung von Patienten mit Diabetes mellitus (Zuckerkrankheit) erf\u00fcllt. Bereits im Jahr 2005 erhielt die Medizinische Klinik II diese Anerkennung, die auf 3 Jahre befristet ist.<\/p>\n<p><!--more--><\/p>\n<p>Die Medizinische Klinik II, besch\u00e4ftigt sich seit \u00fcber 20 Jahren intensiv mit der Diabetestherapie und bildet ihre Fach\u00e4rzte zu Diabetologen DDG aus. J\u00e4hrlich werden vom Diabetesteam ca. 1.200  Diabetespatienten des gesamten Klinikums betreut. Hierzu geh\u00f6ren zahlreiche Herz- und Gef\u00e4\u00dfpatienten sowie insbesondere  schwangere Diabetikerinnen. Auf der Diabetesstation finden in Kooperation mit den niedergelassenen \u00c4rzten regelm\u00e4\u00dfig strukturierte Schulungen f\u00fcr Betroffene und Angeh\u00f6rige statt.<\/p>\n","protected":false},"excerpt":{"rendered":"<div class=\"tmnf_excerpt\"><p>Fulda. Die Deutsche Diabetes-Gesellschaft (DDG) hat die Medizinische Klinik II (Direktor Prof. Dr. Daniel Jaspersen) des Klinikums Fulda erneut als Behandlungseinrichtung f\u00fcr Patienten mit Diabetes mellitus Typ 1 und 2 anerkannt. Damit wurde der Klinik offiziell bescheinigt, dass sie die Qualit\u00e4tsrichtlinien f\u00fcr die Versorgung von Patienten mit Diabetes mellitus (Zuckerkrankheit) erf\u00fcllt. Bereits im Jahr 2005 &hellip;<\/p>\n<\/div>","protected":false},"author":1,"featured_media":0,"comment_status":"closed","ping_status":"closed","sticky":false,"template":"","format":"standard","meta":{"footnotes":""},"categories":[1,51,48],"tags":[],"class_list":["post-13706","post","type-post","status-publish","format-standard","hentry","category-startseite","category-medizin","category-forschung"],"_links":{"self":[{"href":"https:\/\/www.fuldaernachrichten.de\/index.php?rest_route=\/wp\/v2\/posts\/13706","targetHints":{"allow":["GET"]}}],"collection":[{"href":"https:\/\/www.fuldaernachrichten.de\/index.php?rest_route=\/wp\/v2\/posts"}],"about":[{"href":"https:\/\/www.fuldaernachrichten.de\/index.php?rest_route=\/wp\/v2\/types\/post"}],"author":[{"embeddable":true,"href":"https:\/\/www.fuldaernachrichten.de\/index.php?rest_route=\/wp\/v2\/users\/1"}],"replies":[{"embeddable":true,"href":"https:\/\/www.fuldaernachrichten.de\/index.php?rest_route=%2Fwp%2Fv2%2Fcomments&post=13706"}],"version-history":[{"count":2,"href":"https:\/\/www.fuldaernachrichten.de\/index.php?rest_route=\/wp\/v2\/posts\/13706\/revisions"}],"predecessor-version":[{"id":13773,"href":"https:\/\/www.fuldaernachrichten.de\/index.php?rest_route=\/wp\/v2\/posts\/13706\/revisions\/13773"}],"wp:attachment":[{"href":"https:\/\/www.fuldaernachrichten.de\/index.php?rest_route=%2Fwp%2Fv2%2Fmedia&parent=13706"}],"wp:term":[{"taxonomy":"category","embeddable":true,"href":"https:\/\/www.fuldaernachrichten.de\/index.php?rest_route=%2Fwp%2Fv2%2Fcategories&post=13706"},{"taxonomy":"post_tag","embeddable":true,"href":"https:\/\/www.fuldaernachrichten.de\/index.php?rest_route=%2Fwp%2Fv2%2Ftags&post=13706"}],"curies":[{"name":"wp","href":"https:\/\/api.w.org\/{rel}","templated":true}]}}