{"id":137046,"date":"2015-04-01T09:59:04","date_gmt":"2015-04-01T07:59:04","guid":{"rendered":"http:\/\/www.fuldaer-nachrichten.de\/?p=137046"},"modified":"2015-04-01T09:59:04","modified_gmt":"2015-04-01T07:59:04","slug":"marina-melikian-faehrt-nach-hamburg-zum-bundeswettbewerb","status":"publish","type":"post","link":"https:\/\/www.fuldaernachrichten.de\/?p=137046","title":{"rendered":"Marina Melikian f\u00e4hrt nach Hamburg zum Bundeswettbewerb"},"content":{"rendered":"<p>Erneut wird ein musikalisches Gew\u00e4chs der Musikschule das Land Hessen beim Bundeswettbewerb \u201eJugend musiziert\u201c vertreten. Die 12-j\u00e4hrige Gitarristin Marina Melikian (Altersgruppe III, 25 Punkte) aus der Klasse von Peter Schmuck darf sich demn\u00e4chst in Hamburg mit den besten Teilnehmern aus der ganzen Republik messen. Zuvor wird sie zudem noch beim internationalen Anna-Amalia-Wettbewerb f\u00fcr junge Gitarristen in Weimar teilnehmen.<\/p>\n<p>Trompeter Leonard W\u00e4chter (Altersgruppe V, 20 Punkte) erspielte sich, begleitet von Luisa Fr\u00f6se, einen 2. Preis. Katharina Schaub erlangte in der Querfl\u00f6tenwertung (Altersgruppe III, 17 Punkte) einen dritten Preis. Sie war von Magdalena Ney begleitet worden.<\/p>\n<p>In der Altersgruppe II ist der Landeswettbewerb auf Grund der Regularien Endstation, hier gl\u00e4nzten im Duo Violoncello und Klavier Lukas Neuhof (Klasse Johannes Eisenmeier) und Alina Kisner (Klasse Maja Zirkunow) mit einem 1. Preis und vollen 25 Punkten. Erstmals teilgenommen hat das sechsk\u00f6pfige Ensemble \u201ePercussion Kids\u201c unter der Leitung von Klaus Schenk. Sie fuhren ebenfalls mit dem 1. Preis und 24 Punkten stolz nach Hause.<\/p>\n<p>F\u00fcr die Musikschule ist es die Best\u00e4tigung, dass neben der Breiten- auch Spitzenf\u00f6rderung betrieben werden muss und ihre kontinuierliche p\u00e4dagogische Arbeit auf hohem Niveau Fr\u00fcchte tr\u00e4gt.<\/p>\n","protected":false},"excerpt":{"rendered":"<div class=\"tmnf_excerpt\"><p>Erneut wird ein musikalisches Gew\u00e4chs der Musikschule das Land Hessen beim Bundeswettbewerb \u201eJugend musiziert\u201c vertreten. Die 12-j\u00e4hrige Gitarristin Marina Melikian (Altersgruppe III, 25 Punkte) aus der Klasse von Peter Schmuck darf sich demn\u00e4chst in Hamburg mit den besten Teilnehmern aus der ganzen Republik messen. Zuvor wird sie zudem noch beim internationalen Anna-Amalia-Wettbewerb f\u00fcr junge Gitarristen &hellip;<\/p>\n<\/div>","protected":false},"author":1,"featured_media":0,"comment_status":"closed","ping_status":"closed","sticky":false,"template":"","format":"standard","meta":{"footnotes":""},"categories":[1,72,44],"tags":[],"class_list":["post-137046","post","type-post","status-publish","format-standard","hentry","category-startseite","category-jugend","category-kultur"],"_links":{"self":[{"href":"https:\/\/www.fuldaernachrichten.de\/index.php?rest_route=\/wp\/v2\/posts\/137046","targetHints":{"allow":["GET"]}}],"collection":[{"href":"https:\/\/www.fuldaernachrichten.de\/index.php?rest_route=\/wp\/v2\/posts"}],"about":[{"href":"https:\/\/www.fuldaernachrichten.de\/index.php?rest_route=\/wp\/v2\/types\/post"}],"author":[{"embeddable":true,"href":"https:\/\/www.fuldaernachrichten.de\/index.php?rest_route=\/wp\/v2\/users\/1"}],"replies":[{"embeddable":true,"href":"https:\/\/www.fuldaernachrichten.de\/index.php?rest_route=%2Fwp%2Fv2%2Fcomments&post=137046"}],"version-history":[{"count":1,"href":"https:\/\/www.fuldaernachrichten.de\/index.php?rest_route=\/wp\/v2\/posts\/137046\/revisions"}],"predecessor-version":[{"id":137047,"href":"https:\/\/www.fuldaernachrichten.de\/index.php?rest_route=\/wp\/v2\/posts\/137046\/revisions\/137047"}],"wp:attachment":[{"href":"https:\/\/www.fuldaernachrichten.de\/index.php?rest_route=%2Fwp%2Fv2%2Fmedia&parent=137046"}],"wp:term":[{"taxonomy":"category","embeddable":true,"href":"https:\/\/www.fuldaernachrichten.de\/index.php?rest_route=%2Fwp%2Fv2%2Fcategories&post=137046"},{"taxonomy":"post_tag","embeddable":true,"href":"https:\/\/www.fuldaernachrichten.de\/index.php?rest_route=%2Fwp%2Fv2%2Ftags&post=137046"}],"curies":[{"name":"wp","href":"https:\/\/api.w.org\/{rel}","templated":true}]}}