{"id":13704,"date":"2008-11-11T06:55:00","date_gmt":"2008-11-11T05:55:00","guid":{"rendered":"http:\/\/www.schoene-nachrichten.de\/?p=13704"},"modified":"2008-11-11T07:44:59","modified_gmt":"2008-11-11T06:44:59","slug":"jugendseminar-zu-unsere-welt-ist-bunt","status":"publish","type":"post","link":"https:\/\/www.fuldaernachrichten.de\/?p=13704","title":{"rendered":"Jugendseminar zu &#8220;Unsere Welt ist bunt&#8221;"},"content":{"rendered":"<p><strong> Vogelsbergkreis.<\/strong> \u201eWas erwartet Jugend von der Zukunft?\u201c &#8211; unter diesem Leitfaden fand am Wochenende das erste Jugendseminar des Integrationsprojektes \u201eUnsere Welt ist bunt\u201c der Kreisjugendfeuerwehr Vogelsbergkreis im Kreisjugendheim in Wartenberg-Landenhausen statt.<\/p>\n<p><a rel=\"lightbox[roadtrip]\" href=\"http:\/\/www.schoene-nachrichten.de\/wp-content\/uploads\/2008\/11\/081111_kjf1.jpg\" target=\"_blank\"><img decoding=\"async\" class=\"alignleft size-thumbnail wp-image-13784\" title=\"081111_kjf1\" src=\"http:\/\/www.schoene-nachrichten.de\/wp-content\/uploads\/2008\/11\/081111_kjf1-128x85.jpg\" alt=\"\" width=\"128\" height=\"85\" \/> <\/a><a rel=\"lightbox[roadtrip]\" href=\"http:\/\/www.schoene-nachrichten.de\/wp-content\/uploads\/2008\/11\/081111_kjf2.jpg\" target=\"_blank\"><img decoding=\"async\" class=\"alignnone size-thumbnail wp-image-13785\" title=\"081111_kjf2\" src=\"http:\/\/www.schoene-nachrichten.de\/wp-content\/uploads\/2008\/11\/081111_kjf2-128x85.jpg\" alt=\"\" width=\"128\" height=\"85\" srcset=\"https:\/\/www.fuldaernachrichten.de\/wp-content\/uploads\/2008\/11\/081111_kjf2-128x85.jpg 128w, https:\/\/www.fuldaernachrichten.de\/wp-content\/uploads\/2008\/11\/081111_kjf2.jpg 592w\" sizes=\"(max-width: 128px) 100vw, 128px\" \/> <\/a><a rel=\"lightbox[roadtrip]\" href=\"http:\/\/www.schoene-nachrichten.de\/wp-content\/uploads\/2008\/11\/081111_kjf3.jpg\" target=\"_blank\"><img decoding=\"async\" class=\"alignnone size-thumbnail wp-image-13786\" title=\"081111_kjf3\" src=\"http:\/\/www.schoene-nachrichten.de\/wp-content\/uploads\/2008\/11\/081111_kjf3-128x85.jpg\" alt=\"\" width=\"128\" height=\"85\" srcset=\"https:\/\/www.fuldaernachrichten.de\/wp-content\/uploads\/2008\/11\/081111_kjf3-128x85.jpg 128w, https:\/\/www.fuldaernachrichten.de\/wp-content\/uploads\/2008\/11\/081111_kjf3.jpg 592w\" sizes=\"(max-width: 128px) 100vw, 128px\" \/><!--more--><\/a><\/p>\n<p>Eigenst\u00e4ndig n\u00e4herten sich dreizehn Jungen und M\u00e4dchen aus verschiedenen Gemeinden des Vogelsbergkreises dem Projektthema und f\u00fchrten Diskussionen zu den Themen \u201eWir im Vogelsberg\u201c und \u201eJugendfeuerwehr im Vogelsberg\u201c. Die Seminarleiter Bernd Weil aus Petersberg und Philipp Weitzel aus Romrod begleiteten die Jugendlichen dabei und boten wenn n\u00f6tig neue Gedankenanst\u00f6\u00dfe. Zwei jung gebliebene Betreuer aus Jugendfeuerwehren nahmen ebenfalls am Seminar teil und beteiligten sich an den Diskussionen.<\/p>\n<p><strong>Wir im Vogelsberg<\/strong><br \/>\nEin interessantes Ergebnis bot eine Umfrage unter den Seminarteilnehmern w\u00e4hrend der Diskussion zum Thema \u201eWir im Vogelsberg\u201c. Die Frage nach den Lebenswerten, Lebenszielen und  Erwartungen an die Zukunft im Vogelsberg beantworteten die Jugendlichen mit Beruf, Erfolg und Materielles vor Tradition, Familie und Freunden. Anders sahen die Jugendlichen die Werte in der Diskussion zum Thema \u201eJugendfeuerwehr im Vogelsbergkreis\u201c, wo Freundschaft, Miteinander und Helfen an erster Stelle standen.<\/p>\n<p>Ein besonderes Erlebnis f\u00fcr die Seminarteilnehmer war der Besuch des Hochseilgartens in Schlitz am Samstagnachmittag. In rund zehn Metern H\u00f6he balancierten die Jugendlichen \u00fcber Seile und Balken, immer im Teamwork. Hierbei lernten sich die Jugendlichen kennen und bauten gute Kontakte untereinander auf. Aus Sicht der Seminarleiter eine Grundlage f\u00fcr zuk\u00fcnftige Treffen.<\/p>\n<p>Kreisjugendfeuerwehrwart Stefan Preu\u00df besuchte das Seminar am Sonntagmorgen und informierte sich \u00fcber den Ergebnisstand der Arbeiten im Seminar. Er erz\u00e4hlte \u00fcber den aktuellen Stand des Integrationsprojektes und dankte den Jugendlichen f\u00fcr ihre aktive Mitarbeit.<\/p>\n<p><strong>Vielfalt tut gut<\/strong><br \/>\nAm 3. Januar 2009 treffen sich die Jugendlichen zur weiteren Arbeit am Projekt. Weitere interessierte Mitglieder der Jugendfeuerwehr k\u00f6nnen sich dazu gerne \u00fcber die Kreisjugendfeuerwehr anmelden.<br \/>\nDer Aktionstag am 23. Mai 2009 auf dem Marktplatz in Alsfeld zum Abschluss des Integrationsprojektes \u201eUnsere Welt ist bunt\u201c wird den Jugendlichen zur Pr\u00e4sentation ihrer Arbeitsergebnisse dienen.<br \/>\nGef\u00f6rdert wird das Projekt von der \u201eVIELFALT TUT GUT. Jugend f\u00fcr Vielfalt, Toleranz und Demokratie\u201c, dem Bundesministerium f\u00fcr Familie, Senioren, Frauen und Jugend und Dem Vogelsbergkreis.<\/p>\n","protected":false},"excerpt":{"rendered":"<div class=\"tmnf_excerpt\"><p>Vogelsbergkreis. \u201eWas erwartet Jugend von der Zukunft?\u201c &#8211; unter diesem Leitfaden fand am Wochenende das erste Jugendseminar des Integrationsprojektes \u201eUnsere Welt ist bunt\u201c der Kreisjugendfeuerwehr Vogelsbergkreis im Kreisjugendheim in Wartenberg-Landenhausen statt.<\/p>\n<\/div>","protected":false},"author":1,"featured_media":0,"comment_status":"closed","ping_status":"closed","sticky":false,"template":"","format":"standard","meta":{"footnotes":""},"categories":[1,71,72],"tags":[],"class_list":["post-13704","post","type-post","status-publish","format-standard","hentry","category-startseite","category-feuerwehr","category-jugend"],"_links":{"self":[{"href":"https:\/\/www.fuldaernachrichten.de\/index.php?rest_route=\/wp\/v2\/posts\/13704","targetHints":{"allow":["GET"]}}],"collection":[{"href":"https:\/\/www.fuldaernachrichten.de\/index.php?rest_route=\/wp\/v2\/posts"}],"about":[{"href":"https:\/\/www.fuldaernachrichten.de\/index.php?rest_route=\/wp\/v2\/types\/post"}],"author":[{"embeddable":true,"href":"https:\/\/www.fuldaernachrichten.de\/index.php?rest_route=\/wp\/v2\/users\/1"}],"replies":[{"embeddable":true,"href":"https:\/\/www.fuldaernachrichten.de\/index.php?rest_route=%2Fwp%2Fv2%2Fcomments&post=13704"}],"version-history":[{"count":3,"href":"https:\/\/www.fuldaernachrichten.de\/index.php?rest_route=\/wp\/v2\/posts\/13704\/revisions"}],"predecessor-version":[{"id":13788,"href":"https:\/\/www.fuldaernachrichten.de\/index.php?rest_route=\/wp\/v2\/posts\/13704\/revisions\/13788"}],"wp:attachment":[{"href":"https:\/\/www.fuldaernachrichten.de\/index.php?rest_route=%2Fwp%2Fv2%2Fmedia&parent=13704"}],"wp:term":[{"taxonomy":"category","embeddable":true,"href":"https:\/\/www.fuldaernachrichten.de\/index.php?rest_route=%2Fwp%2Fv2%2Fcategories&post=13704"},{"taxonomy":"post_tag","embeddable":true,"href":"https:\/\/www.fuldaernachrichten.de\/index.php?rest_route=%2Fwp%2Fv2%2Ftags&post=13704"}],"curies":[{"name":"wp","href":"https:\/\/api.w.org\/{rel}","templated":true}]}}