{"id":137018,"date":"2015-03-31T16:50:03","date_gmt":"2015-03-31T14:50:03","guid":{"rendered":"http:\/\/www.fuldaer-nachrichten.de\/?p=137018"},"modified":"2015-03-31T16:50:03","modified_gmt":"2015-03-31T14:50:03","slug":"obere-etage-im-pfarrhaus-endlich-wohnung-fuer-siebenkoepfige-familie","status":"publish","type":"post","link":"https:\/\/www.fuldaernachrichten.de\/?p=137018","title":{"rendered":"Obere Etage im Pfarrhaus: Endlich Wohnung f\u00fcr siebenk\u00f6pfige Familie"},"content":{"rendered":"<p>\u201eWir wollten nicht nur reden, sondern konkret etwas tun!\u201c Mit diesen Worten begr\u00fcndete der Fuldaer Stadtpfarrer Stefan Bu\u00df die Entscheidung des pfarrgemeindliche Verwaltungsrats, die freigewordene Pfarrwohnung im Pfarrhaus St. Joseph f\u00fcr eine Fl\u00fcchtlingsfamilie zur Verf\u00fcgung zu stellen. \u201eSchlie\u00dflich hat unser Bischof ja auch darum gebeten, solche Unterbringungen m\u00f6glich zu machen. Nun sind wir froh, dass die afghanische Familie L. mit ihren f\u00fcnf Kindern hier einziehen wird.\u201c<\/p>\n<p>Bei einem Ortstermin im citynahen Pfarrhaus in Nachbarschaft zum Landratsamt, an dem auch Generalvikar Prof. Dr. Gerhard Stanke, Di\u00f6zesan-Caritasdirektor Dr. Markus Juch und weitere Caritas-Vertreter teilnahmen, sollte die Familie, die seit 2013 in Deutschland lebt, offiziell die Wohnung in Besitz nehmen. Neben dem Ehepaar L. war auch der \u00e4lteste Sohn zu dem Willkommensgespr\u00e4ch gekommen, das von Caritas-Referent Soziale Dienste, Franz J. Meyer, initiiert worden war.<\/p>\n<p>Bei der Unterhaltung richtete Generalvikar Stanke zun\u00e4chst die Gr\u00fc\u00dfe des Bischofs an die Familie L. aus und fragte nach deren augenblicklicher Lebenssituation. Bisher, so berichtete der Sohn, wohne man in einer kleinen Wohnung im Zieherser Weg. Nunmehr habe man im Pfarrhaus mit vier gro\u00dfen Zimmern bessere M\u00f6glichkeiten, alle Familienmitglieder angemessen unterzubringen. Alle f\u00fcnf Kinder gehen noch in die Schule beziehungsweise das j\u00fcngste in den Kindergarten. Der \u00c4lteste erl\u00e4uterte, dass er derzeit gerade auf die Mittlere Reife zugehe, da er sp\u00e4ter aber gerne im medizinischen Bereich arbeiten w\u00fcrde, danach auch das Fachabitur anvisieren wolle.<\/p>\n<p>Die Eltern berichteten von ihrem Sprachkurs beim Kreidekreis, den sie absolvierten. Der Familienvater, der in Kabul ein kleines Stra\u00dfenbauunternehmen unterhielt, w\u00fcrde gern wieder beruflich in der Baubranche Fu\u00df fassen. Man sei dabei, so die Mutter, sich jetzt auf das neue Leben in Deutschland zu konzentrieren und sich hier einzurichten. Dabei sei man f\u00fcr die erfahrene Hilfe \u2013 gerade auch von der Kirche \u2013 sehr dankbar.<\/p>\n<p>Die beiden Vertreter des Caritasverbandes f\u00fcr die Regionen Fulda und Geisa, Werner Althaus als Leiter der Sozialen Dienste und Monika Gonzales Dehnhardt von der Migrationshilfe, konnten verk\u00fcnden, dass die Erstausstattung der Familie in der neuen Wohnung durch Entscheidung des Sozialamtes sicher gestellt sei. Trotzdem fehle es noch an einigem, und auch f\u00fcr andere Fl\u00fcchtlingsfamilien w\u00fcrden immer wieder M\u00f6bel verschiedener Art wie zum Beispiel funktionst\u00fcchtige Waschmaschinen und Sofas ben\u00f6tigt. Sachspenden w\u00fcrde man grunds\u00e4tzlich gerne entgegen nehmen. Da jedoch keine Lagerungsm\u00f6glichkeiten best\u00fcnden, sei eine genaue Absprache mit der Migrationshilfe\u00c2\u00a0 \u00fcber Tel. 0661 \/ 2428-370 n\u00f6tig.<\/p>\n<p>Caritasdirektor Juch zeigte sich erfreut dar\u00fcber, wie zur Hilfe der Fl\u00fcchtlingsfamilien Kirchengemeinde, Caritas und andere Akteure an einem Strang ziehen w\u00fcrden. Der Umzug der Familie L. ins Pfarrhaus sei ein gelungenes Beispiel f\u00fcr dieses Zusammenspiel der Kr\u00e4fte zum Wohle der Betroffenen. Juch sicherte zu, dass man in konkreten Einzelf\u00e4llen und bei besonderen Situationen bereit sie, immer auch M\u00f6glichkeiten zur Individuellen Hilfeleistung zu pr\u00fcfen, wenn es zum Beispiel darum ginge, unb\u00fcrokratisch daf\u00fcr zu sorgen, die Wohnungseinrichtung zu vervollst\u00e4ndigen. Der Caritasdirektor bedankte sich bei Pfarrer Bu\u00df und der Gemeinde, dass man noch weitere R\u00e4umlichkeiten im Haus bereit hielte. Die Caritas denke daran in den Zimmern im Obergeschoss wom\u00f6glich unbegleitete minderj\u00e4hrige Fl\u00fcchtlinge im Rahmen ihrer Verselbstst\u00e4ndigung unterzubringen. Zum Abschluss des Gespr\u00e4chstermins besichtigte man gemeinsam die Pfarrwohnung, in welche Familie L. in K\u00fcrze einziehen wird.<\/p>\n","protected":false},"excerpt":{"rendered":"<div class=\"tmnf_excerpt\"><p>\u201eWir wollten nicht nur reden, sondern konkret etwas tun!\u201c Mit diesen Worten begr\u00fcndete der Fuldaer Stadtpfarrer Stefan Bu\u00df die Entscheidung des pfarrgemeindliche Verwaltungsrats, die freigewordene Pfarrwohnung im Pfarrhaus St. Joseph f\u00fcr eine Fl\u00fcchtlingsfamilie zur Verf\u00fcgung zu stellen. \u201eSchlie\u00dflich hat unser Bischof ja auch darum gebeten, solche Unterbringungen m\u00f6glich zu machen. Nun sind wir froh, dass &hellip;<\/p>\n<\/div>","protected":false},"author":1,"featured_media":137020,"comment_status":"closed","ping_status":"closed","sticky":false,"template":"","format":"standard","meta":{"footnotes":""},"categories":[1],"tags":[],"class_list":["post-137018","post","type-post","status-publish","format-standard","has-post-thumbnail","hentry","category-startseite"],"_links":{"self":[{"href":"https:\/\/www.fuldaernachrichten.de\/index.php?rest_route=\/wp\/v2\/posts\/137018","targetHints":{"allow":["GET"]}}],"collection":[{"href":"https:\/\/www.fuldaernachrichten.de\/index.php?rest_route=\/wp\/v2\/posts"}],"about":[{"href":"https:\/\/www.fuldaernachrichten.de\/index.php?rest_route=\/wp\/v2\/types\/post"}],"author":[{"embeddable":true,"href":"https:\/\/www.fuldaernachrichten.de\/index.php?rest_route=\/wp\/v2\/users\/1"}],"replies":[{"embeddable":true,"href":"https:\/\/www.fuldaernachrichten.de\/index.php?rest_route=%2Fwp%2Fv2%2Fcomments&post=137018"}],"version-history":[{"count":1,"href":"https:\/\/www.fuldaernachrichten.de\/index.php?rest_route=\/wp\/v2\/posts\/137018\/revisions"}],"predecessor-version":[{"id":137021,"href":"https:\/\/www.fuldaernachrichten.de\/index.php?rest_route=\/wp\/v2\/posts\/137018\/revisions\/137021"}],"wp:featuredmedia":[{"embeddable":true,"href":"https:\/\/www.fuldaernachrichten.de\/index.php?rest_route=\/wp\/v2\/media\/137020"}],"wp:attachment":[{"href":"https:\/\/www.fuldaernachrichten.de\/index.php?rest_route=%2Fwp%2Fv2%2Fmedia&parent=137018"}],"wp:term":[{"taxonomy":"category","embeddable":true,"href":"https:\/\/www.fuldaernachrichten.de\/index.php?rest_route=%2Fwp%2Fv2%2Fcategories&post=137018"},{"taxonomy":"post_tag","embeddable":true,"href":"https:\/\/www.fuldaernachrichten.de\/index.php?rest_route=%2Fwp%2Fv2%2Ftags&post=137018"}],"curies":[{"name":"wp","href":"https:\/\/api.w.org\/{rel}","templated":true}]}}