{"id":136990,"date":"2015-03-31T16:41:08","date_gmt":"2015-03-31T14:41:08","guid":{"rendered":"http:\/\/www.fuldaer-nachrichten.de\/?p=136990"},"modified":"2015-03-31T16:41:08","modified_gmt":"2015-03-31T14:41:08","slug":"tanner-musiksommer-2015-unter-dem-motto-engel-himmlische-begleiter","status":"publish","type":"post","link":"https:\/\/www.fuldaernachrichten.de\/?p=136990","title":{"rendered":"Tanner Musiksommer 2015 unter dem Motto \u201eEngel \u2013 Himmlische Begleiter\u201c"},"content":{"rendered":"<p>Wer die Bibel aufschl\u00e4gt, begegnet ihnen \u00fcberall \u2013 Engeln. Als Begleiter, Kraftspender und Botschafter des himmlischen Heils tauchen sie dort auf, wo es nicht mehr weitergeht, wenn Menschen Angst haben und Hilfe ben\u00f6tigen, oder wenn es etwas Gro\u00dfartiges zu verk\u00fcnden gibt. Der Tanner Musiksommer widmet sich in diesem Jahr schwerpunktm\u00e4\u00dfig den Engeln.<\/p>\n<p>Im \u201eEngelskonzert\u201c zur Er\u00f6ffnung (Pfingstsonntag, 24. Mai, 20 Uhr, Stadtkirche Tann) musizieren der Tanner Kirchenchor (Ltg. Thomas N\u00fcdling) und das Rathgeberensemble Fulda mit Solisten (Ltg. Ulrich Moormann) Werke von Johann Sebastian Bach (Kantate 130 \u201eHerr Gott, dich loben alle wir\u201c und die Orchestersuite D-Dur BWV 1068), Johann Michael Bach (dem \u201eTanner Bach\u201c; Kantate \u201eGott f\u00e4hret auf mit Jauchzen\u201c) und Thomas N\u00fcdling (\u201eMissa de Angelis\u201c).<\/p>\n<p>Im Gottesdienst am Pfingstmontag (25. Mai, 10 Uhr) wird der Th\u00fcringer Altbischof Roland Hoffmann (Jena) die Festpredigt halten. Kirchenchor und Ratgeberensemble musizieren.<\/p>\n<p>Beim Konzert \u201eHimmelsklang\u201c (Sonntag, 21. Juni, 19 Uhr, Dorfkirche Tann-Habel) vereinen sich Silke Augustinski (Oboe) und Anna-Maria Frankenberger (Harfe) als \u201eDuo Pasculli\u201c zu einem Engelsgesang ohne Worte.<\/p>\n<p>Mit Musik des Mittelalters warten Jana Adam und Franns von Promnitzau als \u201eTreCantus\u201c am Samstag, 4. Juli, 20 Uhr in der Dorfkirche Tann-Neuswarts auf.<\/p>\n<p>Am Sonntag, 19. Juli, 11 Uhr l\u00e4dt die Tanner K\u00f6nigin zur Audienz in die Stadtkirche: Bei dieser Orgelmatinee (nicht nur) f\u00fcr Kinder erkl\u00e4rt Thomas N\u00fcdling das Tanner Instrument, gew\u00e4hrt einen Einblick in seine Funktionsweise und demonstriert dessen Klangvielfalt.<\/p>\n<p>In den Ferienmonaten Juli und August (19. Juli bis 23. August) finden im Anschluss an Sonntagsgottesdienst in der Tanner Stadtkirche wieder die Tanner Orgelmatineen statt. Organisten und weitere Musiker der Region stellen dabei die Wandlungsf\u00e4higkeit und die Vielfalt der Orgelmusik durch die Jahrhunderte vor.<\/p>\n<p>Mit Judy Bailey gastiert am Samstag, 15. August, um 20 Uhr eine der erfolgreichsten christlichen Pops\u00e4ngerinnen in der Stadtkirche und singt sie mitrei\u00dfend von ihrem Glauben, ihrer Hoffnung und ihrer \u00fcbersprudelnden Freude.<\/p>\n<p>Mit einem Konzert von Angelika Milster endet am Sonntag, 13. September um 18 Uhr der Tanner Musiksommer 2015. Der Musicalstar entf\u00fchrt in die Welt der klassischen und geistlichen Musik, darunter auch Welterfolge aus den bekanntesten Musicals u.a. \u201eSomewhere\u00e2\u20ac\u009d, \u201eThe Rose\u00e2\u20ac\u009d, \u201eGoldvon den Sternen\u201c, \u201eAus der Ferne\u00e2\u20ac\u009d.<\/p>\n<p>Eintrittskarten gibt es bei den Gesch\u00e4ftsstellen der VR-Bank NordRh\u00f6n eG sowie in Tann im Ochsenb\u00e4ckerHaus (Marktstr. 9), bei Schreibwaren Krenzer (Steinweg 1) und bei der Touristinfo (Marktplatz 9). Kinder (bis 14 Jahre) und Menschen mit Behinderung erhalten erm\u00e4\u00dfigten Eintritt.<br \/>\nErm\u00f6glicht wird der Tanner Musiksommer durch die gro\u00dfz\u00fcgige Unterst\u00fctzung vieler Sponsoren, darunter die Stadt Tann sowie der Kultursommer Main-Kinzig-Fulda.<br \/>\nwww.tannermusiksommer.de<\/p>\n","protected":false},"excerpt":{"rendered":"<div class=\"tmnf_excerpt\"><p>Wer die Bibel aufschl\u00e4gt, begegnet ihnen \u00fcberall \u2013 Engeln. Als Begleiter, Kraftspender und Botschafter des himmlischen Heils tauchen sie dort auf, wo es nicht mehr weitergeht, wenn Menschen Angst haben und Hilfe ben\u00f6tigen, oder wenn es etwas Gro\u00dfartiges zu verk\u00fcnden gibt. Der Tanner Musiksommer widmet sich in diesem Jahr schwerpunktm\u00e4\u00dfig den Engeln. Im \u201eEngelskonzert\u201c zur &hellip;<\/p>\n<\/div>","protected":false},"author":1,"featured_media":136993,"comment_status":"closed","ping_status":"closed","sticky":false,"template":"","format":"standard","meta":{"footnotes":""},"categories":[1,44],"tags":[],"class_list":["post-136990","post","type-post","status-publish","format-standard","has-post-thumbnail","hentry","category-startseite","category-kultur"],"_links":{"self":[{"href":"https:\/\/www.fuldaernachrichten.de\/index.php?rest_route=\/wp\/v2\/posts\/136990","targetHints":{"allow":["GET"]}}],"collection":[{"href":"https:\/\/www.fuldaernachrichten.de\/index.php?rest_route=\/wp\/v2\/posts"}],"about":[{"href":"https:\/\/www.fuldaernachrichten.de\/index.php?rest_route=\/wp\/v2\/types\/post"}],"author":[{"embeddable":true,"href":"https:\/\/www.fuldaernachrichten.de\/index.php?rest_route=\/wp\/v2\/users\/1"}],"replies":[{"embeddable":true,"href":"https:\/\/www.fuldaernachrichten.de\/index.php?rest_route=%2Fwp%2Fv2%2Fcomments&post=136990"}],"version-history":[{"count":1,"href":"https:\/\/www.fuldaernachrichten.de\/index.php?rest_route=\/wp\/v2\/posts\/136990\/revisions"}],"predecessor-version":[{"id":136994,"href":"https:\/\/www.fuldaernachrichten.de\/index.php?rest_route=\/wp\/v2\/posts\/136990\/revisions\/136994"}],"wp:featuredmedia":[{"embeddable":true,"href":"https:\/\/www.fuldaernachrichten.de\/index.php?rest_route=\/wp\/v2\/media\/136993"}],"wp:attachment":[{"href":"https:\/\/www.fuldaernachrichten.de\/index.php?rest_route=%2Fwp%2Fv2%2Fmedia&parent=136990"}],"wp:term":[{"taxonomy":"category","embeddable":true,"href":"https:\/\/www.fuldaernachrichten.de\/index.php?rest_route=%2Fwp%2Fv2%2Fcategories&post=136990"},{"taxonomy":"post_tag","embeddable":true,"href":"https:\/\/www.fuldaernachrichten.de\/index.php?rest_route=%2Fwp%2Fv2%2Ftags&post=136990"}],"curies":[{"name":"wp","href":"https:\/\/api.w.org\/{rel}","templated":true}]}}