{"id":136982,"date":"2015-03-31T16:38:47","date_gmt":"2015-03-31T14:38:47","guid":{"rendered":"http:\/\/www.fuldaer-nachrichten.de\/?p=136982"},"modified":"2015-03-31T16:38:47","modified_gmt":"2015-03-31T14:38:47","slug":"kindertagespflege-ermoeglicht-unterschiedliche-betreuungsformen","status":"publish","type":"post","link":"https:\/\/www.fuldaernachrichten.de\/?p=136982","title":{"rendered":"Kindertagespflege erm\u00f6glicht unterschiedliche Betreuungsformen"},"content":{"rendered":"<p>Am 20. April startet an der VHS des Landkreises Fulda der n\u00e4chste Qualifizierungskurs zur\/zum Tagesmutter\/Tagesvater. Seit nunmehr \u00fcber zehn Jahren werden diese Kurse regelm\u00e4\u00dfig gemeinsam von den Fachstellen Kindertagespflege des Landkreises und der Stadt Fulda angeboten.<\/p>\n<p>Aktuell gibt es im gesamten Landkreis und in der Stadt Fulda \u00fcber 200 Kindertagespflegepersonen. Vor zehn Jahren waren es gerade einmal 30. Innerhalb eines Jahrzehnts hat sich die Kindertagespflege also nicht nur zu einer beliebten Betreuungsform f\u00fcr Kinder berufst\u00e4tiger Eltern entwickelt, sondern auch zu einem interessanten Arbeitsfeld f\u00fcr Frauen und M\u00e4nner, die Freude am Umgang mit Kindern haben.<\/p>\n<p>Dabei ist die Kindertagespflege als Sammelbegriff f\u00fcr ganz unterschiedliche Betreuungsformen zu verstehen. Der \u201eKlassiker\u201c ist die Betreuung der Kinder im eigenen Haushalt der Kindertagespflegeperson. Zudem gibt es das Modell, dass sich Kindertagespflegepersonen zusammenschlie\u00dfen und gemeinsam R\u00e4ume f\u00fcr die Kindertagespflege anmieten, wie das beispielsweise bei dem Projekt \u201eStein-Minis\u201c an der Freiherr-vom-Stein-Schule in Fulda der Fall ist.\u00c2\u00a0 Bei beiden Modellen \u00fcben die Kindertagespflegepersonen eine selbstst\u00e4ndige T\u00e4tigkeit aus.<\/p>\n<p>Es gibt aber auch Modelle, die in ein Angestelltenverh\u00e4ltnis m\u00fcnden. Zum einen kann die Kindertagespflegeperson im Haushalt der Eltern des zu betreuenden Kindes arbeiten und Angestellte der Eltern sein. Zum anderen schaffen immer mehr freie Tr\u00e4ger und Vereine entsprechende R\u00e4umlichkeiten und stellen Tagesm\u00fctter\/-v\u00e4ter fest an. Beispiele aus der Region sind das Gr\u00fcmel Tagesm\u00fctterzentrum sowie das DRK-Kinderhaus in H\u00fcnfeld.<\/p>\n<p>Die rechtliche Grundlage f\u00fcr diese verschiedenen Modelle der Kindertagespflege liefert das hessische Kinder- und Jugendhilfegesetz. Der Paragraph 29 regelt nicht nur die \u00f6rtlichen Rahmenbedingungen der Kindertagespflege. Dort ist auch nachzulesen, dass es \u2013 wenn man die Kindertagespflege mehr als 15 Stunden w\u00f6chentlich, gegen Entgelt und l\u00e4nger als drei Monate betreiben will &#8211; einer Erlaubnis bedarf. F\u00fcr die Erteilung der Pflegeerlaubnis ist das \u00f6rtlich zust\u00e4ndige Jugendamt gefordert. Beim Landkreis Fulda gibt es eine eigene Fachstelle, deren Aufgaben unter anderem die Qualifizierung und Vermittlung der Kindertagespflegepersonen, deren Beratung und Begleitung sind.<\/p>\n<p>Auch wenn sich in den letzten zehn Jahren schon sehr viel im Bereich der Kindertagespflege getan hat, schreitet deren Ausbau weiter voran. Die Fachstelle des Landkreises setzt besondere Schwerpunkte in der Qualifizierung, aber auch in der Vernetzung sowie in der Zusammenarbeit mit Vereinen, Verb\u00e4nden und Institutionen. Mittelfristig k\u00f6nnte die Kindertagespflege auch ein zunehmend interessanteres Modell f\u00fcr Betriebe sein, die in flexiblen Kinderbetreuungsangeboten ein Instrument zur Mitarbeitergewinnung und -bindung sowie zur Bek\u00e4mpfung des drohenden Fachkr\u00e4ftemangels sehen.<\/p>\n<p>Wer Interesse an einer Qualifikation zur Tagesmutter\/zum Tagesvater hat, kann sich an Kerstin Hohmann, Telefon (0661)6006-328, wenden. Im n\u00e4chsten Kurs, der am 20. April startet, sind noch wenige Restpl\u00e4tze frei.<\/p>\n","protected":false},"excerpt":{"rendered":"<div class=\"tmnf_excerpt\"><p>Am 20. April startet an der VHS des Landkreises Fulda der n\u00e4chste Qualifizierungskurs zur\/zum Tagesmutter\/Tagesvater. Seit nunmehr \u00fcber zehn Jahren werden diese Kurse regelm\u00e4\u00dfig gemeinsam von den Fachstellen Kindertagespflege des Landkreises und der Stadt Fulda angeboten. Aktuell gibt es im gesamten Landkreis und in der Stadt Fulda \u00fcber 200 Kindertagespflegepersonen. Vor zehn Jahren waren es &hellip;<\/p>\n<\/div>","protected":false},"author":1,"featured_media":0,"comment_status":"closed","ping_status":"closed","sticky":false,"template":"","format":"standard","meta":{"footnotes":""},"categories":[1,53,72],"tags":[],"class_list":["post-136982","post","type-post","status-publish","format-standard","hentry","category-startseite","category-bildung","category-jugend"],"_links":{"self":[{"href":"https:\/\/www.fuldaernachrichten.de\/index.php?rest_route=\/wp\/v2\/posts\/136982","targetHints":{"allow":["GET"]}}],"collection":[{"href":"https:\/\/www.fuldaernachrichten.de\/index.php?rest_route=\/wp\/v2\/posts"}],"about":[{"href":"https:\/\/www.fuldaernachrichten.de\/index.php?rest_route=\/wp\/v2\/types\/post"}],"author":[{"embeddable":true,"href":"https:\/\/www.fuldaernachrichten.de\/index.php?rest_route=\/wp\/v2\/users\/1"}],"replies":[{"embeddable":true,"href":"https:\/\/www.fuldaernachrichten.de\/index.php?rest_route=%2Fwp%2Fv2%2Fcomments&post=136982"}],"version-history":[{"count":1,"href":"https:\/\/www.fuldaernachrichten.de\/index.php?rest_route=\/wp\/v2\/posts\/136982\/revisions"}],"predecessor-version":[{"id":136984,"href":"https:\/\/www.fuldaernachrichten.de\/index.php?rest_route=\/wp\/v2\/posts\/136982\/revisions\/136984"}],"wp:attachment":[{"href":"https:\/\/www.fuldaernachrichten.de\/index.php?rest_route=%2Fwp%2Fv2%2Fmedia&parent=136982"}],"wp:term":[{"taxonomy":"category","embeddable":true,"href":"https:\/\/www.fuldaernachrichten.de\/index.php?rest_route=%2Fwp%2Fv2%2Fcategories&post=136982"},{"taxonomy":"post_tag","embeddable":true,"href":"https:\/\/www.fuldaernachrichten.de\/index.php?rest_route=%2Fwp%2Fv2%2Ftags&post=136982"}],"curies":[{"name":"wp","href":"https:\/\/api.w.org\/{rel}","templated":true}]}}