{"id":136966,"date":"2015-03-30T21:02:42","date_gmt":"2015-03-30T19:02:42","guid":{"rendered":"http:\/\/www.fuldaer-nachrichten.de\/?p=136966"},"modified":"2015-03-30T21:02:42","modified_gmt":"2015-03-30T19:02:42","slug":"wieder-8oo-unterschriften-gegen-suedlink-aktiver-buergerprotest-in-dirloskuenzell","status":"publish","type":"post","link":"https:\/\/www.fuldaernachrichten.de\/?p=136966","title":{"rendered":"Wieder 8oo Unterschriften gegen SuedLink  Aktiver B\u00fcrgerprotest in Dirlos\/K\u00fcnzell"},"content":{"rendered":"<p>Am heutigen Montag trafen B\u00fcrgervertreter aus Dirlos\/K\u00fcnzell mit Vertretern der BIFuldatal zusammen, um 800 allein in Dirlos gesammnelte Unterschriften gegen SudLink an die BIFuldatal zu \u00fcbergeben. Somit sind inzwischen auf hessischer Landesebene mehr als 20.000 Unterschriften zusammengekommen, die dem Bundeswirtschaftsminister Gabriel (SPD) sp\u00e4testens vor Beginn der ersten von 20 Antragskonferenzen im Herbst \u00fcbergeben werden sollen. Bundesvorsitzender Guntram Ziepel und der Vorsitzende der BIFuldatal Johannes Lange dankten seitens der B\u00fcrgerinitiative Hiltrud Wenderoth-Witzleb, Susanne Rustler und Helmut Bernhard (auch Mitglied im Dirloser Ortsbeirat) f\u00fcr ihr Engagement, womit insbesondere auch zum Ausdruck gebracht werde, dass die BIFuldatal die Interessen aller entlang der Fulda liegenden Initiativen vertrete, egal ob \u00f6stlich oder westlich der geplanten HG\u00dc-Trassen.<\/p>\n<p>Das Gespr\u00e4ch zwischen den Dirlosern und den BI-Vertretern diente ferner dem Informationsaustausch \u00fcber aktuelle Entwicklungen seit dem BI-Kongress am 14. M\u00e4rz in der Orangerie. Bei Gespr\u00e4chen mit Fraktionen im hessischen Landtag in der vergangenen Woche wurde deutlich, dass bez\u00fcglich einer gesetzlichen Abstandsregelung der geplanten HG\u00dc-Trassen von Siedlungen Handlungsbedarf besteht. Es sei sehr fragw\u00fcrdig, so Ziepel, ob eine Festschreibung eines 400-Meter-Abstandes im Regionalplan mit Verordnungscharakter die gleiche Rechtsqualit\u00e4t habe wie ein Gesetz, wie es in Niedersachsen in Kraft gesetzt wurde. Die BIFuldatal werde daher in Schreiben an die f\u00fcnf Landtagsfraktionen die Forderung formulieren, Rechtssicherheit durch eine gesetzliche Abstandsregelung auch f\u00fcr Hessen zu schaffen.<br \/>\nDie Gespr\u00e4chsbeteiligten aus Dirlos und seitens der BI waren sich einig, dass dringend weitere Gespr\u00e4che zwischen der BI und den Vertretern der Stadt und des Landkreises Fulda, einschlie\u00dflich der Vertreter der Ortsbeir\u00e4te in Fulda wie auch der betroffenen Kommunen im Landkreis (K\u00fcnzell, Petersberg, Eichenzell und Neuhof samt Ortsbeir\u00e4ten) zu f\u00fchren sind, um gemeinsam und mit vereinten Kr\u00e4ften die Interessen der Region Fulda f\u00fcr eine wirkliche Energiewende wirksam zu vertreten und gegen\u00fcber der Bundes- und Landespolitik zu Geh\u00f6r zu bringen. Weitere Informationen auf www.bifuldatal.de und www.facebook.com\/bifuldatal .<\/p>\n","protected":false},"excerpt":{"rendered":"<div class=\"tmnf_excerpt\"><p>Am heutigen Montag trafen B\u00fcrgervertreter aus Dirlos\/K\u00fcnzell mit Vertretern der BIFuldatal zusammen, um 800 allein in Dirlos gesammnelte Unterschriften gegen SudLink an die BIFuldatal zu \u00fcbergeben. Somit sind inzwischen auf hessischer Landesebene mehr als 20.000 Unterschriften zusammengekommen, die dem Bundeswirtschaftsminister Gabriel (SPD) sp\u00e4testens vor Beginn der ersten von 20 Antragskonferenzen im Herbst \u00fcbergeben werden sollen. &hellip;<\/p>\n<\/div>","protected":false},"author":1,"featured_media":136970,"comment_status":"closed","ping_status":"closed","sticky":false,"template":"","format":"standard","meta":{"footnotes":""},"categories":[1],"tags":[],"class_list":["post-136966","post","type-post","status-publish","format-standard","has-post-thumbnail","hentry","category-startseite"],"_links":{"self":[{"href":"https:\/\/www.fuldaernachrichten.de\/index.php?rest_route=\/wp\/v2\/posts\/136966","targetHints":{"allow":["GET"]}}],"collection":[{"href":"https:\/\/www.fuldaernachrichten.de\/index.php?rest_route=\/wp\/v2\/posts"}],"about":[{"href":"https:\/\/www.fuldaernachrichten.de\/index.php?rest_route=\/wp\/v2\/types\/post"}],"author":[{"embeddable":true,"href":"https:\/\/www.fuldaernachrichten.de\/index.php?rest_route=\/wp\/v2\/users\/1"}],"replies":[{"embeddable":true,"href":"https:\/\/www.fuldaernachrichten.de\/index.php?rest_route=%2Fwp%2Fv2%2Fcomments&post=136966"}],"version-history":[{"count":1,"href":"https:\/\/www.fuldaernachrichten.de\/index.php?rest_route=\/wp\/v2\/posts\/136966\/revisions"}],"predecessor-version":[{"id":136971,"href":"https:\/\/www.fuldaernachrichten.de\/index.php?rest_route=\/wp\/v2\/posts\/136966\/revisions\/136971"}],"wp:featuredmedia":[{"embeddable":true,"href":"https:\/\/www.fuldaernachrichten.de\/index.php?rest_route=\/wp\/v2\/media\/136970"}],"wp:attachment":[{"href":"https:\/\/www.fuldaernachrichten.de\/index.php?rest_route=%2Fwp%2Fv2%2Fmedia&parent=136966"}],"wp:term":[{"taxonomy":"category","embeddable":true,"href":"https:\/\/www.fuldaernachrichten.de\/index.php?rest_route=%2Fwp%2Fv2%2Fcategories&post=136966"},{"taxonomy":"post_tag","embeddable":true,"href":"https:\/\/www.fuldaernachrichten.de\/index.php?rest_route=%2Fwp%2Fv2%2Ftags&post=136966"}],"curies":[{"name":"wp","href":"https:\/\/api.w.org\/{rel}","templated":true}]}}