{"id":136908,"date":"2015-03-30T20:47:49","date_gmt":"2015-03-30T18:47:49","guid":{"rendered":"http:\/\/www.fuldaer-nachrichten.de\/?p=136908"},"modified":"2015-03-30T20:47:49","modified_gmt":"2015-03-30T18:47:49","slug":"aufwaertstrend-setzt-sich-fort","status":"publish","type":"post","link":"https:\/\/www.fuldaernachrichten.de\/?p=136908","title":{"rendered":"Aufw\u00e4rtstrend setzt sich fort"},"content":{"rendered":"<p>Der Stellenindex der Bundesagentur f\u00fcr Arbeit (BA-X) ist im M\u00e4rz in Hessen zum vierten Mal in Folge gestiegen. Gegen\u00fcber Februar erh\u00f6hte sich der BA-X um vier Punkte auf 180 Punkte. Damit wurde der bislang h\u00f6chste Wert in einem M\u00e4rz erreicht.<\/p>\n<p>Den niedrigsten Wert in einem M\u00e4rz erreichte der BA-X mit 118 Punkten im Jahr 2005. Im Vergleich zum Vorjahresmonat steigerte er sich um 30 Punkte und unterstreicht damit, dass die Entwicklung des hessischen Stellenindex weiter an Fahrt aufgenommen hat. Der insgesamt h\u00f6chste BA-X Wert wurde in Hessen mit 181 Punkten im November 2011 erreicht.<\/p>\n<p>Dr. Frank Martin, Leiter der Regionaldirektion Hessen: \u201eDer anhaltende Aufw\u00e4rtstrend des Stellenindex zeigt, dass der Bedarf an Arbeitskr\u00e4ften in Hessen auf einem stabilen Niveau liegt. F\u00fcr den Arbeitsmarkt bedeutet dies, dass vor allem ausgebildete Fachkr\u00e4fte gute Chancen bei der Stellensuche haben. Wir hoffen, dass sich diese g\u00fcnstige Entwicklung auch f\u00fcr diejenigen, die unter Umst\u00e4nden schon l\u00e4nger auf der Suche nach einer neuen Besch\u00e4ftigung sind, auszahlt.\u201c<\/p>\n<p>Hintergrundinformation<br \/>\nDer Stellenindex der Bundesagentur f\u00fcr Arbeit, BA-X, bildet die Entwicklung der Arbeitskr\u00e4ftenachfrage am ersten Arbeitsmarkt ab. Die Basis f\u00fcr den BA-Stellenindex bilden die der Bundesagentur f\u00fcr Arbeit (BA) gemeldeten ungef\u00f6rderten Arbeitsstellen, sowie die bei der BA gemeldeten Stellen f\u00fcr Freiberufler, Selbst\u00e4ndige und aus der Privaten Arbeitsvermittlung. Zur Berechnung des Index wird das Gesamtaggregat der Stellen des ersten Arbeitsmarktes saisonbereinigt.<\/p>\n","protected":false},"excerpt":{"rendered":"<div class=\"tmnf_excerpt\"><p>Der Stellenindex der Bundesagentur f\u00fcr Arbeit (BA-X) ist im M\u00e4rz in Hessen zum vierten Mal in Folge gestiegen. Gegen\u00fcber Februar erh\u00f6hte sich der BA-X um vier Punkte auf 180 Punkte. Damit wurde der bislang h\u00f6chste Wert in einem M\u00e4rz erreicht. Den niedrigsten Wert in einem M\u00e4rz erreichte der BA-X mit 118 Punkten im Jahr 2005. &hellip;<\/p>\n<\/div>","protected":false},"author":1,"featured_media":0,"comment_status":"closed","ping_status":"closed","sticky":false,"template":"","format":"standard","meta":{"footnotes":""},"categories":[1,53,29],"tags":[],"class_list":["post-136908","post","type-post","status-publish","format-standard","hentry","category-startseite","category-bildung","category-politik"],"_links":{"self":[{"href":"https:\/\/www.fuldaernachrichten.de\/index.php?rest_route=\/wp\/v2\/posts\/136908","targetHints":{"allow":["GET"]}}],"collection":[{"href":"https:\/\/www.fuldaernachrichten.de\/index.php?rest_route=\/wp\/v2\/posts"}],"about":[{"href":"https:\/\/www.fuldaernachrichten.de\/index.php?rest_route=\/wp\/v2\/types\/post"}],"author":[{"embeddable":true,"href":"https:\/\/www.fuldaernachrichten.de\/index.php?rest_route=\/wp\/v2\/users\/1"}],"replies":[{"embeddable":true,"href":"https:\/\/www.fuldaernachrichten.de\/index.php?rest_route=%2Fwp%2Fv2%2Fcomments&post=136908"}],"version-history":[{"count":1,"href":"https:\/\/www.fuldaernachrichten.de\/index.php?rest_route=\/wp\/v2\/posts\/136908\/revisions"}],"predecessor-version":[{"id":136909,"href":"https:\/\/www.fuldaernachrichten.de\/index.php?rest_route=\/wp\/v2\/posts\/136908\/revisions\/136909"}],"wp:attachment":[{"href":"https:\/\/www.fuldaernachrichten.de\/index.php?rest_route=%2Fwp%2Fv2%2Fmedia&parent=136908"}],"wp:term":[{"taxonomy":"category","embeddable":true,"href":"https:\/\/www.fuldaernachrichten.de\/index.php?rest_route=%2Fwp%2Fv2%2Fcategories&post=136908"},{"taxonomy":"post_tag","embeddable":true,"href":"https:\/\/www.fuldaernachrichten.de\/index.php?rest_route=%2Fwp%2Fv2%2Ftags&post=136908"}],"curies":[{"name":"wp","href":"https:\/\/api.w.org\/{rel}","templated":true}]}}