{"id":136900,"date":"2015-03-30T20:47:10","date_gmt":"2015-03-30T18:47:10","guid":{"rendered":"http:\/\/www.fuldaer-nachrichten.de\/?p=136900"},"modified":"2015-03-30T20:47:10","modified_gmt":"2015-03-30T18:47:10","slug":"neue-praesentation-des-vormenschen-in-der-abteilung-vorgeschichte-des-vonderau-museums","status":"publish","type":"post","link":"https:\/\/www.fuldaernachrichten.de\/?p=136900","title":{"rendered":"Neue Pr\u00e4sentation des Vormenschen in der Abteilung Vorgeschichte des Vonderau Museums:"},"content":{"rendered":"<p>Eine kr\u00e4ftige \u201eM\u00e4hne\u201c auf dem markanten Kopf mit der vorspringenden Kinnpartie. Den Arm hoch erhoben, um mit dem Stein einen Knochen zu zerlegen, um endlich an den kostbaren Inhalt heranzukommen \u2013 das Mark. Dazu Kleidung aus grau wei\u00df gescheckten Fellen. So hat er wahrscheinlich ausgesehen, der \u201eHomo Erectus\u201c. Die Nachbildung eines dieser Vormenschen, der auch in der Region seine Spuren hinterlassen hat, ist seit neuestem im Fuldaer Vonderau Museum zu sehen. Stadt- und Kreisarch\u00e4ologe Dr. Frank Verse stellt das j\u00fcngste Ausstellungsst\u00fcck vor.<\/p>\n<p>Leben erfahrbar machen<\/p>\n<p>Kaum etwas ist schwieriger, als Geschichte(n) anschaulich und interessant zu \u201eerz\u00e4hlen.\u201c Museen sind bei dieser Aufgabe besonders gefordert. \u201eWie sollen wir das Publikum f\u00fcr unser Haus gewinnen\u201c, das ist die entscheidende Frage, die sich auch die Experten des Vonderau Museums immer wieder neu stellen. Sie setzen am konkreten Beispiel deshalb auf Dioramen, um einen wenn auch noch so kleinen Ausschnitt aus dem Leben eines dieser Vormenschen f\u00fcr Besucher erfahrbar zu machen. Zustande gekommen sei die Idee, \u201eweil wir kulturgeschichtliche bedeutende Objekte, n\u00e4mlich Steinger\u00e4te (engl. so genannte chopper oder chopping tools, also Schlagwerkzeuge) aus der Aschenbrenner- Sammlung haben, die bei Maberzell und im H\u00fcnfelder Raum gefunden worden sind, die aus sich heraus aber keine Geschichte erz\u00e4hlen\u201c, erl\u00e4utert Verse. Durch die Rekonstruktion einer Berliner Fachfirma soll nun die Aufmerksamkeit des Publikums st\u00e4rker auf den vorgeschichtlichen Bereich der Museumssammlung gelenkt werden. \u201eDas werden wir mit der Figur des \u00c2\u00b4Homo Erectus\u00c2\u00b4 erreichen\u201c, ist sich Fuldas Stadt- und Kreisarch\u00e4ologe sicher und freut sich zugleich \u00fcber das gelungene Ergebnis. Gleichzeitig soll die Darstellung die Physiognomie des Vormenschen nach aktuellem Wissensstand erfahrbar machen. Da jedoch zu wenig \u00fcber sein damaliges Lebensumfeld bekannt ist, haben sich die Verantwortlichen dieses Projektes entschieden, das Foto einer Magerrasenlandschaft zu verwenden und es zu verfremden. So konzentriert sich der Blick des Betrachters auf die Darstellung des \u201eHomo Erectus\u201c.<\/p>\n<p>W\u00e4rmer als heute<\/p>\n<p>Im th\u00fcringische Bilzingsleben sind Abdr\u00fccke von Pflanzen und Tieren gefunden worden, die heute vor allem im Mittelmeerraum beheimatet sind. Das\u00c2\u00a0 weist nach Verses Worten darauf hin, dass die damalige Durchschnittstemperatur um zwei Grad h\u00f6her als heute gewesen sein muss. Der \u201eHomo Erectus\u201c habe in dieser Zwischeneiszeitphase gelebt. Deshalb ist auf die Darstellung eines kalten, lebensfeindlichen Umfelds verzichtet worden. Wer die Nachbildung des Vormenschen betrachtet, wird au\u00dferdem schnell feststellen k\u00f6nnen, dass er so gar nicht den noch bis vor kurzem geltenden Vorstellungen eines behaarten, grobschl\u00e4chtigen und affenartigen Wesens entspricht. Warum das so ist, begr\u00fcndet Verse so: \u201eDer \u00c2\u00b4Homo Erectus ist der erste Vormensch, der von Afrika nach Europa ausgewandert ist. \u00c4hnlich wie der moderne Mensch wird er seine Hautpigmentierung wegen der geringeren Sonneneinstrahlung verloren haben. Deshalb ist die Figur eher hellh\u00e4utig dargestellt.\u201c Vor circa 200.000 Jahren habe sich aus dem europ\u00e4ischen \u201eHomo Erectus\u201c schlie\u00dflich der Neandertaler entwickelt.<\/p>\n<p>Weitere Rekonstruktionen<\/p>\n<p>Die Sammlung des Museums, die sich zurzeit in der Neugestaltung befindet, soll nach Verses Vorstellungen unter anderem mit der j\u00fcngsten Pr\u00e4sentation auf einen aktuellen Stand gebracht werden.\u00c2\u00a0 Au\u00dferdem wird es in naher Zukunft, wie Fuldas Stadt- und Kreisarch\u00e4ologe ank\u00fcndigt, weitere Rekonstruktionen geben:\u00c2\u00a0 beispielsweise einen Schmelzofen. Auch in den anderen Bereichen der Vorgeschichtsabteilung soll die kulturgeschichtliche Entwicklung der Region durch Rekonstruktionen veranschaulicht werden, so \u201ewie es im Vonderau Museum sch\u00f6ne Tradition ist\u201c, l\u00e4chelt Frank Verse und weckt Erwartungen, welche \u00dcberraschungen Fuldas Regionalmuseum bald noch zu bieten hat.<\/p>\n<p>Homo erectus &#8211;<br \/>\nErstbesiedlung Europas<\/p>\n<p>Vor circa 1,8 Millionen Jahren trat erstmals in Ostafrika der \u201eHomo Erectus\u201c auf. Er ist auch der erste Vertreter der Gattung Homo, der Afrika verlie\u00df und weite Teile Asiens und Europas besiedelte. Die \u00e4ltesten \u00dcberreste des \u201eHomo Erectus\u201c stammen aus S\u00fcdspanien und sind etwa 1,2 Millionen Jahre alt. Langj\u00e4hrige Untersuchungen an einem Lagerplatz des \u201eHomo erectus\u201c bei Bilzingsleben in Th\u00fcringen lassen bereits eine komplexe Lebensweise erkennen. Einfache H\u00fctten, Werkpl\u00e4tze und Feuerstellen zeigen, dass der \u201eHomo erectus\u201c in kleinen Sozialverb\u00e4nden zusammenlebte. 300.000 bis 400.000 Jahre alte und bis zu 2,5 m lange Speere von Sch\u00f6ningen in Niedersachsen lassen au\u00dferdem erkennen, dass der \u201eHomo Erectus\u201c bereits ein aktiver J\u00e4ger war. Im Landkreis Fulda wurden an verschiedenen Stellen Steinger\u00e4te gefunden, die vom \u201eHomo Erectus\u201c hergestellt wurden und so seine Anwesenheit belegen. Die bekanntesten Fundstellen befinden sich bei Fulda-Maberzell\/Haimbach und H\u00fcnfeld-Gro\u00dfenbach.<\/p>\n","protected":false},"excerpt":{"rendered":"<div class=\"tmnf_excerpt\"><p>Eine kr\u00e4ftige \u201eM\u00e4hne\u201c auf dem markanten Kopf mit der vorspringenden Kinnpartie. Den Arm hoch erhoben, um mit dem Stein einen Knochen zu zerlegen, um endlich an den kostbaren Inhalt heranzukommen \u2013 das Mark. Dazu Kleidung aus grau wei\u00df gescheckten Fellen. So hat er wahrscheinlich ausgesehen, der \u201eHomo Erectus\u201c. Die Nachbildung eines dieser Vormenschen, der auch &hellip;<\/p>\n<\/div>","protected":false},"author":1,"featured_media":136904,"comment_status":"closed","ping_status":"closed","sticky":false,"template":"","format":"standard","meta":{"footnotes":""},"categories":[1,44,52],"tags":[],"class_list":["post-136900","post","type-post","status-publish","format-standard","has-post-thumbnail","hentry","category-startseite","category-kultur","category-umwelt"],"_links":{"self":[{"href":"https:\/\/www.fuldaernachrichten.de\/index.php?rest_route=\/wp\/v2\/posts\/136900","targetHints":{"allow":["GET"]}}],"collection":[{"href":"https:\/\/www.fuldaernachrichten.de\/index.php?rest_route=\/wp\/v2\/posts"}],"about":[{"href":"https:\/\/www.fuldaernachrichten.de\/index.php?rest_route=\/wp\/v2\/types\/post"}],"author":[{"embeddable":true,"href":"https:\/\/www.fuldaernachrichten.de\/index.php?rest_route=\/wp\/v2\/users\/1"}],"replies":[{"embeddable":true,"href":"https:\/\/www.fuldaernachrichten.de\/index.php?rest_route=%2Fwp%2Fv2%2Fcomments&post=136900"}],"version-history":[{"count":1,"href":"https:\/\/www.fuldaernachrichten.de\/index.php?rest_route=\/wp\/v2\/posts\/136900\/revisions"}],"predecessor-version":[{"id":136906,"href":"https:\/\/www.fuldaernachrichten.de\/index.php?rest_route=\/wp\/v2\/posts\/136900\/revisions\/136906"}],"wp:featuredmedia":[{"embeddable":true,"href":"https:\/\/www.fuldaernachrichten.de\/index.php?rest_route=\/wp\/v2\/media\/136904"}],"wp:attachment":[{"href":"https:\/\/www.fuldaernachrichten.de\/index.php?rest_route=%2Fwp%2Fv2%2Fmedia&parent=136900"}],"wp:term":[{"taxonomy":"category","embeddable":true,"href":"https:\/\/www.fuldaernachrichten.de\/index.php?rest_route=%2Fwp%2Fv2%2Fcategories&post=136900"},{"taxonomy":"post_tag","embeddable":true,"href":"https:\/\/www.fuldaernachrichten.de\/index.php?rest_route=%2Fwp%2Fv2%2Ftags&post=136900"}],"curies":[{"name":"wp","href":"https:\/\/api.w.org\/{rel}","templated":true}]}}