{"id":136790,"date":"2015-03-26T20:06:30","date_gmt":"2015-03-26T19:06:30","guid":{"rendered":"http:\/\/www.fuldaer-nachrichten.de\/?p=136790"},"modified":"2015-03-26T20:06:30","modified_gmt":"2015-03-26T19:06:30","slug":"ein-ereignisreiches-jahr-2014-mit-zahlreichen-einsaetze-und-personalproblem-bei-der-jugendfeuerwehr","status":"publish","type":"post","link":"https:\/\/www.fuldaernachrichten.de\/?p=136790","title":{"rendered":"Ein ereignisreiches Jahr 2014 mit zahlreichen Eins\u00e4tze und Personalproblem bei der Jugendfeuerwehr"},"content":{"rendered":"<p>Bei der Jahreshauptversammlung der freiwilligen Feuerwehr K\u00e4mmerzell lie\u00df Wehrf\u00fchrer Thomas G\u00f6tz das Jahr Revue passieren. Nach der Er\u00f6ffnung der Jahreshauptversammlung durch Wehrf\u00fchrer Thomas G\u00f6tz wurde der Jahresbericht der Jugendfeuerwehr durch den Jugendwart Manfred G\u00fcnther vorgetragen. Die derzeit sechs Mitglieder z\u00e4hlende Jugendfeuerwehr K\u00e4mmerzell absolvierte im vergangenen Jahr zahlreiche Stunden als feuerwehrtechnische Ausbildung und allgemeine Jugendarbeit. Besonders erfreulich war das Erreichen der Leistungsspange der Deutschen Jugendfeuerwehr unter widrigen Wetterbedingungen von drei Jugendlichen. Neben der j\u00e4hrlich stattfinden Osterputzaktion waren die Jugendlichen auch bei dem Hutzelfeuer engagiert. Im November 2014 wurde eine gut besuchte Krippenschau veranstaltet.<\/p>\n<p>Melanie Medler, Stadtjugendfeuerwehrwartin der Stadt Fulda, ging in ihrer Ansprache auf die vielen Aktivit\u00e4ten der Jugendfeuerwehr ein. Die Mitgliederzahlen der Jugendfeuerwehren insgesamt sind geringer geworden. Das hat auch vor dem Fuldatal nicht Halt gemacht. Deshalb wird die feuerwehr-technische Ausbildung von K\u00e4mmerzell, L\u00fcderm\u00fcnd und Gl\u00e4serzell zusammengelegt als Jugendfeuerwehr Fuldatal. Weiterhin bedankte sie sich f\u00fcr die gute Zusammenarbeit und rief dazu auf, weiter aktive Werbung f\u00fcr die Jugendfeuerwehr\u00c2\u00a0 zu betreiben.<\/p>\n<p>Wehrf\u00fchrer Thomas G\u00f6tz ging in seinem Bericht zuerst auf die Belastungen der F\u00fchrungskr\u00e4fte innerhalb der ehrenamtlichen Feuerwehrangeh\u00f6rigen ein. Wer l\u00f6scht eigentlich wenn es brennt, wenn immer weniger F\u00fchrungskr\u00e4fte bereit sind ihre knappe Freizeit dem Ehrenamt zu widmen und das nicht nur innerhalb der freiwilligen Feuerwehren? Dass in der Feuerwehr K\u00e4mmerzell dieser Trend noch nicht angekommen ist, zeigt die aktive Mitgliederzahl von 19 gut ausgebildeten Feuerwehrkameraden. Insgesamt 760 Stunden wurden von den Aktiven in der Einsatzabteilung f\u00fcr theoretische und praktische Ausbildung sowie f\u00fcr Lehrg\u00e4nge absolviert. Die Feuerwehr K\u00e4mmerzell wurde zu sieben Eins\u00e4tzen alarmiert, wobei sicher die beiden Br\u00e4nde in Gl\u00e4serzell die spektakul\u00e4rsten Ereignisse waren.<\/p>\n<p>Der Amtsleiter der Feuerwehr Fulda, Thomas Helmer, stellte in seiner Ansprache zun\u00e4chst die Schlagkr\u00e4ftigkeit der Feuerwehr Fulda, insbesondere bei Gro\u00dfschadenslagen wie dem Gro\u00dfbrand im vergangenen Sommer in Fulda-Gl\u00e4serzell heraus und lobte in diesem Zusammenhang die gute Zusammenarbeit zwischen hauptamtlichen Kr\u00e4ften und der ehrenamtlichen Feuerwehr. Ferner erw\u00e4hnte er in seiner Ansprache, dass die Feuerwehr Fulda einen guten Ruf \u00fcber die Stadtgrenze hinaus besitzt. Des Weiteren ging Thomas Helmer auf die Zukunft der Jugendfeuerwehr im Fuldatal ein. Hier soll in K\u00fcrze eine Jugendfeuerwehr Fuldatal f\u00fcr die Stadtteile Gl\u00e4serzell, K\u00e4mmerzell und L\u00fcderm\u00fcnd gegr\u00fcndet werden.<\/p>\n<p>Uwe D\u00f6ll, der erste Vorsitzende des jetzt 79 Jahre alten Vereins, der derzeit 143 Mitglieder z\u00e4hlt, ging in seinem Bericht auf die vielen kulturellen Aktivit\u00e4ten des Vereins ein, dankte f\u00fcr die gute Zusammenarbeit und bedankte sich bei allen, die den Verein im letzten Jahr dabei tatkr\u00e4ftig unterst\u00fctzt haben. Auch in 2015 sind wieder zahlreiche kleine Veranstaltungen und Wanderungen geplant.<\/p>\n<p>Die Kassenpr\u00fcfer bescheinigten Edmund Roth, wie in den Jahren zuvor, eine einwandfreie Kassenf\u00fchrung.<\/p>\n<p>Der Kameraden Lukas Hartung und Jonas G\u00fcnther wurden nach bestandenen Lehrg\u00e4ngen zum Feuerwehrmann bef\u00f6rdert. Zu Oberfeuerwehrm\u00e4nnern wurden bef\u00f6rdert Lukas G\u00f6tz, Martin Br\u00e4hler, Franz-Josef Hartung, Christian Wehner und Elmar G\u00f6tz. Ausgezeichnet mit Urkunde und Ehrennadel gem\u00e4\u00df der Ehrenordnung des Kurhessisch-Waldeckschen Feuerwehrverbandes wurden f\u00fcr 25-j\u00e4hrige Mitgliedschaft Wolfgang Kr\u00f6nung und Winfried M\u00fcller. F\u00fcr 40 Jahre Mitgliedschaft wurde Franz Wilhelm ausgezeichnet. F\u00fcr 50 Jahre Mitgliedschaft wurden Theodor Lomb und Edmund Roth geehrt.<\/p>\n<p>Bei den Neuwahlen des Vereinsvorstandes in K\u00e4mmerzell unter Regie vom Leiter der Feuerwehr Fulda, Thomas Helmer, wurde die Vereinsmannschaft neu gew\u00e4hlt. Florian Haas \u00fcbernimmt die Funktion des ersten Vereinsvorsitzenden von Uwe D\u00f6ll, der als zweiter Vereinsvorsitzender weiter t\u00e4tig ist.<\/p>\n<p>Gru\u00dfworte \u00fcberbrachten die CDU Stadtverordnete Patricia Fehrmann und Heidelinde Weinberger von der SPD-Fraktion. Ortvorsteherin Rita Wehner \u00fcberbrachte die Gr\u00fc\u00dfe vom Ortsbeirat K\u00e4mmerzell und bedankte sich f\u00fcr die gute Zusammenarbeit.<\/p>\n","protected":false},"excerpt":{"rendered":"<div class=\"tmnf_excerpt\"><p>Bei der Jahreshauptversammlung der freiwilligen Feuerwehr K\u00e4mmerzell lie\u00df Wehrf\u00fchrer Thomas G\u00f6tz das Jahr Revue passieren. Nach der Er\u00f6ffnung der Jahreshauptversammlung durch Wehrf\u00fchrer Thomas G\u00f6tz wurde der Jahresbericht der Jugendfeuerwehr durch den Jugendwart Manfred G\u00fcnther vorgetragen. Die derzeit sechs Mitglieder z\u00e4hlende Jugendfeuerwehr K\u00e4mmerzell absolvierte im vergangenen Jahr zahlreiche Stunden als feuerwehrtechnische Ausbildung und allgemeine Jugendarbeit. Besonders &hellip;<\/p>\n<\/div>","protected":false},"author":1,"featured_media":136791,"comment_status":"closed","ping_status":"closed","sticky":false,"template":"","format":"standard","meta":{"footnotes":""},"categories":[1,71],"tags":[],"class_list":["post-136790","post","type-post","status-publish","format-standard","has-post-thumbnail","hentry","category-startseite","category-feuerwehr"],"_links":{"self":[{"href":"https:\/\/www.fuldaernachrichten.de\/index.php?rest_route=\/wp\/v2\/posts\/136790","targetHints":{"allow":["GET"]}}],"collection":[{"href":"https:\/\/www.fuldaernachrichten.de\/index.php?rest_route=\/wp\/v2\/posts"}],"about":[{"href":"https:\/\/www.fuldaernachrichten.de\/index.php?rest_route=\/wp\/v2\/types\/post"}],"author":[{"embeddable":true,"href":"https:\/\/www.fuldaernachrichten.de\/index.php?rest_route=\/wp\/v2\/users\/1"}],"replies":[{"embeddable":true,"href":"https:\/\/www.fuldaernachrichten.de\/index.php?rest_route=%2Fwp%2Fv2%2Fcomments&post=136790"}],"version-history":[{"count":1,"href":"https:\/\/www.fuldaernachrichten.de\/index.php?rest_route=\/wp\/v2\/posts\/136790\/revisions"}],"predecessor-version":[{"id":136792,"href":"https:\/\/www.fuldaernachrichten.de\/index.php?rest_route=\/wp\/v2\/posts\/136790\/revisions\/136792"}],"wp:featuredmedia":[{"embeddable":true,"href":"https:\/\/www.fuldaernachrichten.de\/index.php?rest_route=\/wp\/v2\/media\/136791"}],"wp:attachment":[{"href":"https:\/\/www.fuldaernachrichten.de\/index.php?rest_route=%2Fwp%2Fv2%2Fmedia&parent=136790"}],"wp:term":[{"taxonomy":"category","embeddable":true,"href":"https:\/\/www.fuldaernachrichten.de\/index.php?rest_route=%2Fwp%2Fv2%2Fcategories&post=136790"},{"taxonomy":"post_tag","embeddable":true,"href":"https:\/\/www.fuldaernachrichten.de\/index.php?rest_route=%2Fwp%2Fv2%2Ftags&post=136790"}],"curies":[{"name":"wp","href":"https:\/\/api.w.org\/{rel}","templated":true}]}}