{"id":136686,"date":"2015-03-24T09:09:05","date_gmt":"2015-03-24T08:09:05","guid":{"rendered":"http:\/\/www.fuldaer-nachrichten.de\/?p=136686"},"modified":"2015-03-24T09:09:05","modified_gmt":"2015-03-24T08:09:05","slug":"koempel-und-waschke-zu-besuch-im-von-der-schliessung-bedrohten-kindergarten-blankenau","status":"publish","type":"post","link":"https:\/\/www.fuldaernachrichten.de\/?p=136686","title":{"rendered":"K\u00f6mpel und Waschke zu Besuch im von der  Schlie\u00dfung bedrohten Kindergarten Blankenau"},"content":{"rendered":"<p>\u201eWir werden alles versuchen, dass der Kindergarten nicht geschlossen werden muss\u201c, sagte die SPD-Bundestagsabgeordnete Birgit K\u00f6mpel, die in Begleitung der SPD-Landtagsabgeordneten Sabine Waschke nach Blankenau gefahren war, um dort mit den betroffenen Eltern zu sprechen. Die Gemeinde beabsichtigt, aus Kostengr\u00fcnden den Kindergarten im Hosenfelder Ortsteil zu schlie\u00dfen. Der Haupt-und Finanzausschuss der Gemeinde hat eine entsprechende Empfehlung ausgesprochen, am Donnerstag entscheiden die Gemeindevertreter endg\u00fcltig. Gegenw\u00e4rtig zeichnet sich eine Mehrheit unter den Kommunalpolitikern ab, die f\u00fcr eine Schlie\u00dfung stimmen wird.<\/p>\n<p>\u201eIm Bereich Kinderg\u00e4rten darf Wirtschaftlichkeit keine Rolle spielen. Alle Kinder m\u00fcssen die M\u00f6glichkeit haben, einen Kindergarten zu besuchen. Das f\u00e4llt f\u00fcr uns unter die Daseinsvorsorge der Gemeinden\u201c, sagte Sabine Waschke in Anwesenheit zahlreicher Elternteile beim Ortstermin in Blankenau. Scharfe Kritik gab es von Birgit K\u00f6mpel: \u201eDer Bund hat noch einmal 5 Milliarden Euro zur Unterst\u00fctzung der Kommunen freigegeben. Aber das Land Hessen hat klebrige Finger, wenn es um Finanzen geht. Das Geld muss auch entsprechend in die St\u00e4dte und Gemeinden flie\u00dfen.\u201c<\/p>\n<p>Waschke erg\u00e4nzt:\u201c Hessen \u00fcbernimmt 8% der Kinderbetreuungskosten. Zum Vergleich unterst\u00fctzt Baden-W\u00fcrttenberg seine Gemeinden mit der \u00dcbernahme von 26% der anfallenden Betreuungskosten.\u201c<\/p>\n<p>Die Blankenauer Eltern wiesen darauf hin, dass die Zahl der angemeldeten Kinder ab Sommer auf 16 steigen w\u00fcrde. Alternative zum Blankenauer Kindergarten w\u00e4re die Tagesst\u00e4tte in Hainzell. Doch es gibt f\u00fcr einige Eltern keine M\u00f6glichkeit, ihre Kinder t\u00e4glich nach Hainzell zu bringen. \u201eIch kann Zwillinge nicht mit dem Fahrrad dorthin fahren\u201c, sagte eine Mutter.<\/p>\n<p>Kritik gab es am Kinderf\u00f6rderungsgesetz Hessens, das in der vergangenen Legislaturperiode von der schwarz-gelben Landesregierung\u00c2\u00a0 verabschiedet worden war. Seitdem wird nur noch nach K\u00f6pfen finanziert und nicht mehr nach Kindergartengruppen. \u201eWir haben bef\u00fcrchtet, dass durch diese Umstellung kleinere Kinderg\u00e4rten geschlossen werden und haben aus diesem Grund das Kinderf\u00f6rderungsgesetz abgelehnt\u201c, erkl\u00e4rte Waschke.<\/p>\n<p>K\u00f6mpel und Waschke appellierten an die Gemeindevertreter in Hosenfeld, gegen eine Schlie\u00dfung des Kindergartens in Blankenau zu entscheiden.\u00c2\u00a0 \u201eKinder sind unser h\u00f6chstes Gut. An ihnen darf man nicht sparen\u201c, sagte Birgit K\u00f6mpel abschlie\u00dfend.<\/p>\n","protected":false},"excerpt":{"rendered":"<div class=\"tmnf_excerpt\"><p>\u201eWir werden alles versuchen, dass der Kindergarten nicht geschlossen werden muss\u201c, sagte die SPD-Bundestagsabgeordnete Birgit K\u00f6mpel, die in Begleitung der SPD-Landtagsabgeordneten Sabine Waschke nach Blankenau gefahren war, um dort mit den betroffenen Eltern zu sprechen. Die Gemeinde beabsichtigt, aus Kostengr\u00fcnden den Kindergarten im Hosenfelder Ortsteil zu schlie\u00dfen. Der Haupt-und Finanzausschuss der Gemeinde hat eine entsprechende &hellip;<\/p>\n<\/div>","protected":false},"author":1,"featured_media":136687,"comment_status":"closed","ping_status":"closed","sticky":false,"template":"","format":"standard","meta":{"footnotes":""},"categories":[1,72,29],"tags":[],"class_list":["post-136686","post","type-post","status-publish","format-standard","has-post-thumbnail","hentry","category-startseite","category-jugend","category-politik"],"_links":{"self":[{"href":"https:\/\/www.fuldaernachrichten.de\/index.php?rest_route=\/wp\/v2\/posts\/136686","targetHints":{"allow":["GET"]}}],"collection":[{"href":"https:\/\/www.fuldaernachrichten.de\/index.php?rest_route=\/wp\/v2\/posts"}],"about":[{"href":"https:\/\/www.fuldaernachrichten.de\/index.php?rest_route=\/wp\/v2\/types\/post"}],"author":[{"embeddable":true,"href":"https:\/\/www.fuldaernachrichten.de\/index.php?rest_route=\/wp\/v2\/users\/1"}],"replies":[{"embeddable":true,"href":"https:\/\/www.fuldaernachrichten.de\/index.php?rest_route=%2Fwp%2Fv2%2Fcomments&post=136686"}],"version-history":[{"count":1,"href":"https:\/\/www.fuldaernachrichten.de\/index.php?rest_route=\/wp\/v2\/posts\/136686\/revisions"}],"predecessor-version":[{"id":136688,"href":"https:\/\/www.fuldaernachrichten.de\/index.php?rest_route=\/wp\/v2\/posts\/136686\/revisions\/136688"}],"wp:featuredmedia":[{"embeddable":true,"href":"https:\/\/www.fuldaernachrichten.de\/index.php?rest_route=\/wp\/v2\/media\/136687"}],"wp:attachment":[{"href":"https:\/\/www.fuldaernachrichten.de\/index.php?rest_route=%2Fwp%2Fv2%2Fmedia&parent=136686"}],"wp:term":[{"taxonomy":"category","embeddable":true,"href":"https:\/\/www.fuldaernachrichten.de\/index.php?rest_route=%2Fwp%2Fv2%2Fcategories&post=136686"},{"taxonomy":"post_tag","embeddable":true,"href":"https:\/\/www.fuldaernachrichten.de\/index.php?rest_route=%2Fwp%2Fv2%2Ftags&post=136686"}],"curies":[{"name":"wp","href":"https:\/\/api.w.org\/{rel}","templated":true}]}}