{"id":136558,"date":"2015-03-21T10:38:01","date_gmt":"2015-03-21T09:38:01","guid":{"rendered":"http:\/\/www.fuldaer-nachrichten.de\/?p=136558"},"modified":"2015-03-21T10:38:01","modified_gmt":"2015-03-21T09:38:01","slug":"vhs-kurs-fuer-kinder-englisch-intensivwoche","status":"publish","type":"post","link":"https:\/\/www.fuldaernachrichten.de\/?p=136558","title":{"rendered":"VHS-Kurs f\u00fcr Kinder: Englisch-Intensivwoche"},"content":{"rendered":"<p>Bei einer Englisch-Intensivwoche der Volkshochschule des Landkreises Fulda haben Sch\u00fcler der 6. und 7. Klasse die M\u00f6glichkeit, bereits Gelerntes zu wiederholen und L\u00fccken zu schlie\u00dfen. Eventuell bestehende Sprachbarrieren werden in lockerer, nicht schulischer Atmosph\u00e4re \u00fcberwunden. Der Lernfortschritt ist individuell auf die bereits vorhandenen Kenntnisse angepasst. Der VHS-Kurs beginnt in den Osterferien am Montag, 30. M\u00e4rz, um 9 Uhr im Georg-Stieler-Haus in Fulda, Gallasiniring 1. Informationen und Anmeldung im Internet oder telefonisch bei der VHS-Gesch\u00e4ftsstelle, Telefon (0661)25199-0.<\/p>\n","protected":false},"excerpt":{"rendered":"<div class=\"tmnf_excerpt\"><p>Bei einer Englisch-Intensivwoche der Volkshochschule des Landkreises Fulda haben Sch\u00fcler der 6. und 7. Klasse die M\u00f6glichkeit, bereits Gelerntes zu wiederholen und L\u00fccken zu schlie\u00dfen. Eventuell bestehende Sprachbarrieren werden in lockerer, nicht schulischer Atmosph\u00e4re \u00fcberwunden. Der Lernfortschritt ist individuell auf die bereits vorhandenen Kenntnisse angepasst. Der VHS-Kurs beginnt in den Osterferien am Montag, 30. M\u00e4rz, &hellip;<\/p>\n<\/div>","protected":false},"author":1,"featured_media":0,"comment_status":"closed","ping_status":"closed","sticky":false,"template":"","format":"standard","meta":{"footnotes":""},"categories":[1,53,72],"tags":[],"class_list":["post-136558","post","type-post","status-publish","format-standard","hentry","category-startseite","category-bildung","category-jugend"],"_links":{"self":[{"href":"https:\/\/www.fuldaernachrichten.de\/index.php?rest_route=\/wp\/v2\/posts\/136558","targetHints":{"allow":["GET"]}}],"collection":[{"href":"https:\/\/www.fuldaernachrichten.de\/index.php?rest_route=\/wp\/v2\/posts"}],"about":[{"href":"https:\/\/www.fuldaernachrichten.de\/index.php?rest_route=\/wp\/v2\/types\/post"}],"author":[{"embeddable":true,"href":"https:\/\/www.fuldaernachrichten.de\/index.php?rest_route=\/wp\/v2\/users\/1"}],"replies":[{"embeddable":true,"href":"https:\/\/www.fuldaernachrichten.de\/index.php?rest_route=%2Fwp%2Fv2%2Fcomments&post=136558"}],"version-history":[{"count":1,"href":"https:\/\/www.fuldaernachrichten.de\/index.php?rest_route=\/wp\/v2\/posts\/136558\/revisions"}],"predecessor-version":[{"id":136559,"href":"https:\/\/www.fuldaernachrichten.de\/index.php?rest_route=\/wp\/v2\/posts\/136558\/revisions\/136559"}],"wp:attachment":[{"href":"https:\/\/www.fuldaernachrichten.de\/index.php?rest_route=%2Fwp%2Fv2%2Fmedia&parent=136558"}],"wp:term":[{"taxonomy":"category","embeddable":true,"href":"https:\/\/www.fuldaernachrichten.de\/index.php?rest_route=%2Fwp%2Fv2%2Fcategories&post=136558"},{"taxonomy":"post_tag","embeddable":true,"href":"https:\/\/www.fuldaernachrichten.de\/index.php?rest_route=%2Fwp%2Fv2%2Ftags&post=136558"}],"curies":[{"name":"wp","href":"https:\/\/api.w.org\/{rel}","templated":true}]}}