{"id":136510,"date":"2015-03-20T19:26:38","date_gmt":"2015-03-20T18:26:38","guid":{"rendered":"http:\/\/www.fuldaer-nachrichten.de\/?p=136510"},"modified":"2015-03-20T19:26:38","modified_gmt":"2015-03-20T18:26:38","slug":"grosse-auszeichnung-fuer-weingut-fritz-allendorf-auf-der-prowein-2015","status":"publish","type":"post","link":"https:\/\/www.fuldaernachrichten.de\/?p=136510","title":{"rendered":"Gro\u00dfe Auszeichnung f\u00fcr Weingut Fritz Allendorf auf der ProWein 2015"},"content":{"rendered":"<p>Jetzt steht es fest. Deutschlands\u00c2\u00a0 bester trockener Riesling kommt aus dem Rheingau. Hocherfreut durfte Ulrich Allendorf, Weingut Fritz Allendorf, den begehrten internationalen Weinpreis entgegen nehmen. Vergeben wurde er f\u00fcr den 2013er Jesuitengarten Riesling VDP Gro\u00dfes Gew\u00e4chs made by Allendorf. Die Preisverleihung des renommierten Weinwettbewerbs, zu dem Mundus Vini bereits zum 16. Mal aufgerufen hatte, fand am 15. M\u00e4rz 2015 im Rahmen der Weinmesse ProWein in D\u00fcsseldorf statt.<br \/>\nDurch die Preisverleihung f\u00fchrte die Deutsche Weink\u00f6nigin Janina Huhn gemeinsam mit Christoph Meininger, Verleger und Gr\u00fcnder von Mundus Vini. Vorausgegangen war eine professionelle Verkostung und Bewertung von mehr als 4000 Weinen aus aller Welt. Auch weitere Weing\u00fcter aus Deutschland durften sich freuen. So erhielt Michael Prinz von Baden eine Auszeichnung f\u00fcr den besten Sauvignon Blanc. Der Beste Lemberger kommt von Michael Herzog von W\u00fcrttemberg.<br \/>\nDer internationale Weinwettbewerb, der von Mundus Vini ausgerufen wird, geh\u00f6rt heute zu den bedeutendsten Weinwettbewerben der Welt. &#8220;Wir sind happy und sehr stolz auf diese Auszeichnung. Sie zeigt uns wieder einmal, dass Rheingauer Rieslinge weltspitze sind &#8211; gestern und heute&#8221;, sagt Ulrich Allendorf.<\/p>\n<p>Infos zum Wein:<br \/>\nEin gehaltvoller Wein, vielschichtig mit enormen Tiefen. In der Nase kitzeln frische Zitronenaromen, begleitet von einer\u00c2\u00a0 intensiven Mineralit\u00e4t. Ein unverwechselbarer Tropfen! Genial zu gebratenem Fisch, Kalb und Krustentieren. F\u00fcr EUR 19,- erh\u00e4ltlich.<\/p>\n<p>Infos zum Weinberg:<br \/>\nErzbischof Johann Schweikard von Cronberg \u00fcbergab 1606 die Kapelle zu St. Bartholomae am westlichen Ortsausgang von Winkel mit Geb\u00e4uden und Weinbergen dem Jesuitenkolleg in Mainz. Nach der Aufhebung des Jesuitenordens 1773 wurde die Kirche abgerissen. Der Name des Weinbergs Jesuitengarten erinnert noch an die ehemalige Nutzung des Bodens. Hier wachsen in reiner S\u00fcdlage nahe dem Rhein auf 26 Hektar tiefgr\u00fcndigem kalkhaltigen L\u00f6\u00df mittelschwere Weine mit fruchtigem Spiel.<\/p>\n","protected":false},"excerpt":{"rendered":"<div class=\"tmnf_excerpt\"><p>Jetzt steht es fest. Deutschlands\u00c2\u00a0 bester trockener Riesling kommt aus dem Rheingau. Hocherfreut durfte Ulrich Allendorf, Weingut Fritz Allendorf, den begehrten internationalen Weinpreis entgegen nehmen. Vergeben wurde er f\u00fcr den 2013er Jesuitengarten Riesling VDP Gro\u00dfes Gew\u00e4chs made by Allendorf. Die Preisverleihung des renommierten Weinwettbewerbs, zu dem Mundus Vini bereits zum 16. Mal aufgerufen hatte, fand &hellip;<\/p>\n<\/div>","protected":false},"author":1,"featured_media":136514,"comment_status":"closed","ping_status":"closed","sticky":false,"template":"","format":"standard","meta":{"footnotes":""},"categories":[1,37],"tags":[],"class_list":["post-136510","post","type-post","status-publish","format-standard","has-post-thumbnail","hentry","category-startseite","category-essen-und-trinken"],"_links":{"self":[{"href":"https:\/\/www.fuldaernachrichten.de\/index.php?rest_route=\/wp\/v2\/posts\/136510","targetHints":{"allow":["GET"]}}],"collection":[{"href":"https:\/\/www.fuldaernachrichten.de\/index.php?rest_route=\/wp\/v2\/posts"}],"about":[{"href":"https:\/\/www.fuldaernachrichten.de\/index.php?rest_route=\/wp\/v2\/types\/post"}],"author":[{"embeddable":true,"href":"https:\/\/www.fuldaernachrichten.de\/index.php?rest_route=\/wp\/v2\/users\/1"}],"replies":[{"embeddable":true,"href":"https:\/\/www.fuldaernachrichten.de\/index.php?rest_route=%2Fwp%2Fv2%2Fcomments&post=136510"}],"version-history":[{"count":1,"href":"https:\/\/www.fuldaernachrichten.de\/index.php?rest_route=\/wp\/v2\/posts\/136510\/revisions"}],"predecessor-version":[{"id":136515,"href":"https:\/\/www.fuldaernachrichten.de\/index.php?rest_route=\/wp\/v2\/posts\/136510\/revisions\/136515"}],"wp:featuredmedia":[{"embeddable":true,"href":"https:\/\/www.fuldaernachrichten.de\/index.php?rest_route=\/wp\/v2\/media\/136514"}],"wp:attachment":[{"href":"https:\/\/www.fuldaernachrichten.de\/index.php?rest_route=%2Fwp%2Fv2%2Fmedia&parent=136510"}],"wp:term":[{"taxonomy":"category","embeddable":true,"href":"https:\/\/www.fuldaernachrichten.de\/index.php?rest_route=%2Fwp%2Fv2%2Fcategories&post=136510"},{"taxonomy":"post_tag","embeddable":true,"href":"https:\/\/www.fuldaernachrichten.de\/index.php?rest_route=%2Fwp%2Fv2%2Ftags&post=136510"}],"curies":[{"name":"wp","href":"https:\/\/api.w.org\/{rel}","templated":true}]}}