{"id":136427,"date":"2015-03-18T21:56:29","date_gmt":"2015-03-18T20:56:29","guid":{"rendered":"http:\/\/www.fuldaer-nachrichten.de\/?p=136427"},"modified":"2015-03-18T22:05:09","modified_gmt":"2015-03-18T21:05:09","slug":"die-karte-meiner-traeume-eine-magische-reise","status":"publish","type":"post","link":"https:\/\/www.fuldaernachrichten.de\/?p=136427","title":{"rendered":"\u201eDIE KARTE MEINER TR\u00c4UME\u201c \u2013 Eine magische Reise"},"content":{"rendered":"<p>Im Kino in der Festscheune des Antoniusheims in Fulda (An St. Kathrin 4) l\u00e4uft am Donnerstag, 26. M\u00e4rz und am Freitag, 27. M\u00e4rz 2015 jeweils um 20 Uhr (Einlass ab 19.20 Uhr) die wundervolle Kom\u00f6die DIE KARTE MEINER TR\u00c4UME.<\/p>\n<p>Veranstalter ist Thomas Bayer, PR &amp; Filmevents, mit freundlicher Unterst\u00fctzung des Antoniusheims Fulda.<br \/>\nDie Atmosph\u00e4re der Festscheune mit ihrem Kaminofen ist au\u00dfergew\u00f6hnlich. Ein Besuch lohnt sich auf jeden Fall.<br \/>\nDie Veranstaltungen beginnen p\u00fcnktlich. Es besteht freie Sitzplatzwahl, eine Bewirtung ist vorhanden. Besucher sollten sich bitte eine dicke Sitzauflage mitbringen.<br \/>\nDie Festscheune liegt ca. 50 m rechts neben dem Antonius-Cafe.<\/p>\n<p>Der neue Film von Jean-Pierre Jeunet, dem Regisseur von DIE FABELHAFTE WELT DER AM\u00c3\u02c6LIE, und wieder ein Meisterwerk !<\/p>\n<p>Inhalt: Auf einer angelegenen Farm irgendwo im l\u00e4ndlichen Montana lebt Familie Spivet. Mutter Clair (Helena Bonham Carter) ist Biologin und etwas durchgeknallt, ihr Mann Rancher.\u00c2\u00a0 Der 10j\u00e4hrige Sohn T.S. (Kyle Catlett) ist hochbegabt und liebt es, zu zeichnen. Als er das Perpetuum mobile erfindet, wird er vom Smithsonian Museum zur Preisverleihung nach Washington D.C. eingeladen. Allerdings gibt er sich am Telefon als Erwachsener aus.<br \/>\nUnd so beginnt f\u00fcr den Jungen an Board eines riesigen G\u00fcterzugs ein wundervolles Abenteuer, das ihn einmal quer durch die USA f\u00fchren wird. Durch wundersch\u00f6ne Landschaften voller Anmut !<\/p>\n<p>Zudem erf\u00e4hrt T. S. von einem Landstreicher, warum die B\u00e4ume im Herbst ihre Bl\u00e4tter verlieren. Eine sch\u00f6ne Geschichte !<\/p>\n<p>\u201eDie Karte meiner Tr\u00e4ume\u201c ist beste Kinounterhaltung. Eine wundervolle Kom\u00f6die !<br \/>\nEin Film zum Lachen und Tr\u00e4umen. Einfach gro\u00dfartig ! Herzzerrei\u00dfend und urkomisch ! Wundervoll !<\/p>\n<p>Tickets sind ab sofort im VVK f\u00fcr 6 \u00e2\u201a\u00ac erh\u00e4ltlich. VVK-Stellen sind der Antonius-Laden Fulda, Gestalten-Werk Fulda und die Gesch\u00e4ftsstelle der Fuldaer Zeitung am Peterstor. Nat\u00fcrlich gibt es auch Karten an der Abendkasse.<br \/>\nAn der Abendkasse kosten die Karten 7 \u00e2\u201a\u00ac (Neu ! Abendkasse Sch\u00fcler und Studenten 5,50 \u00e2\u201a\u00ac).<br \/>\nInfos zu den Kinoveranstaltungen gibt es auch unter Tel. 0661 \/ 1097- 480 und Tel. 0 66 58 \/ 91 86 03.<\/p>\n","protected":false},"excerpt":{"rendered":"<div class=\"tmnf_excerpt\"><p>Im Kino in der Festscheune des Antoniusheims in Fulda (An St. Kathrin 4) l\u00e4uft am Donnerstag, 26. M\u00e4rz und am Freitag, 27. M\u00e4rz 2015 jeweils um 20 Uhr (Einlass ab 19.20 Uhr) die wundervolle Kom\u00f6die DIE KARTE MEINER TR\u00c4UME. Veranstalter ist Thomas Bayer, PR &amp; Filmevents, mit freundlicher Unterst\u00fctzung des Antoniusheims Fulda. Die Atmosph\u00e4re der &hellip;<\/p>\n<\/div>","protected":false},"author":1,"featured_media":136456,"comment_status":"closed","ping_status":"closed","sticky":false,"template":"","format":"standard","meta":{"footnotes":""},"categories":[1,44],"tags":[],"class_list":["post-136427","post","type-post","status-publish","format-standard","has-post-thumbnail","hentry","category-startseite","category-kultur"],"_links":{"self":[{"href":"https:\/\/www.fuldaernachrichten.de\/index.php?rest_route=\/wp\/v2\/posts\/136427","targetHints":{"allow":["GET"]}}],"collection":[{"href":"https:\/\/www.fuldaernachrichten.de\/index.php?rest_route=\/wp\/v2\/posts"}],"about":[{"href":"https:\/\/www.fuldaernachrichten.de\/index.php?rest_route=\/wp\/v2\/types\/post"}],"author":[{"embeddable":true,"href":"https:\/\/www.fuldaernachrichten.de\/index.php?rest_route=\/wp\/v2\/users\/1"}],"replies":[{"embeddable":true,"href":"https:\/\/www.fuldaernachrichten.de\/index.php?rest_route=%2Fwp%2Fv2%2Fcomments&post=136427"}],"version-history":[{"count":1,"href":"https:\/\/www.fuldaernachrichten.de\/index.php?rest_route=\/wp\/v2\/posts\/136427\/revisions"}],"predecessor-version":[{"id":136431,"href":"https:\/\/www.fuldaernachrichten.de\/index.php?rest_route=\/wp\/v2\/posts\/136427\/revisions\/136431"}],"wp:featuredmedia":[{"embeddable":true,"href":"https:\/\/www.fuldaernachrichten.de\/index.php?rest_route=\/wp\/v2\/media\/136456"}],"wp:attachment":[{"href":"https:\/\/www.fuldaernachrichten.de\/index.php?rest_route=%2Fwp%2Fv2%2Fmedia&parent=136427"}],"wp:term":[{"taxonomy":"category","embeddable":true,"href":"https:\/\/www.fuldaernachrichten.de\/index.php?rest_route=%2Fwp%2Fv2%2Fcategories&post=136427"},{"taxonomy":"post_tag","embeddable":true,"href":"https:\/\/www.fuldaernachrichten.de\/index.php?rest_route=%2Fwp%2Fv2%2Ftags&post=136427"}],"curies":[{"name":"wp","href":"https:\/\/api.w.org\/{rel}","templated":true}]}}