{"id":136332,"date":"2015-03-16T12:32:29","date_gmt":"2015-03-16T11:32:29","guid":{"rendered":"http:\/\/www.fuldaer-nachrichten.de\/?p=136332"},"modified":"2015-03-16T12:32:29","modified_gmt":"2015-03-16T11:32:29","slug":"vokalensemble-st-benedikt-in-der-huenfelder-stadtpfarrkirche","status":"publish","type":"post","link":"https:\/\/www.fuldaernachrichten.de\/?p=136332","title":{"rendered":"Vokalensemble St. Benedikt in der H\u00fcnfelder Stadtpfarrkirche"},"content":{"rendered":"<p>Am kommenden Sonntag, 22. M\u00e4rz 2015 findet in der H\u00fcnfelder Stadtpfarrkirche um 16.00 h eine Chor- und Orgelmusik zur Fasten- und Passionszeit statt. Das Vokalensemble St. Benedikt (H\u00fcnfeld) singt unter anderem Werke von Palestrina, Sch\u00fctz, Mendelssohn und Howells. Ludger Heskamp, Regionalkantor in Eschwege, improvisiert und begleitet an der Stadtpfarrkirchenorgel, Pfarrer Peter Borta bereichert das Konzert mit Textbeitr\u00e4gen. Die musikalische Leitung hat Christopher L\u00f6bens. Der Eintritt ist frei, um eine Spende f\u00fcr die Kirchenmusik wird gebeten.<\/p>\n","protected":false},"excerpt":{"rendered":"<div class=\"tmnf_excerpt\"><p>Am kommenden Sonntag, 22. M\u00e4rz 2015 findet in der H\u00fcnfelder Stadtpfarrkirche um 16.00 h eine Chor- und Orgelmusik zur Fasten- und Passionszeit statt. Das Vokalensemble St. Benedikt (H\u00fcnfeld) singt unter anderem Werke von Palestrina, Sch\u00fctz, Mendelssohn und Howells. Ludger Heskamp, Regionalkantor in Eschwege, improvisiert und begleitet an der Stadtpfarrkirchenorgel, Pfarrer Peter Borta bereichert das Konzert &hellip;<\/p>\n<\/div>","protected":false},"author":1,"featured_media":136335,"comment_status":"closed","ping_status":"closed","sticky":false,"template":"","format":"standard","meta":{"footnotes":""},"categories":[1,50,44],"tags":[],"class_list":["post-136332","post","type-post","status-publish","format-standard","has-post-thumbnail","hentry","category-startseite","category-kirche","category-kultur"],"_links":{"self":[{"href":"https:\/\/www.fuldaernachrichten.de\/index.php?rest_route=\/wp\/v2\/posts\/136332","targetHints":{"allow":["GET"]}}],"collection":[{"href":"https:\/\/www.fuldaernachrichten.de\/index.php?rest_route=\/wp\/v2\/posts"}],"about":[{"href":"https:\/\/www.fuldaernachrichten.de\/index.php?rest_route=\/wp\/v2\/types\/post"}],"author":[{"embeddable":true,"href":"https:\/\/www.fuldaernachrichten.de\/index.php?rest_route=\/wp\/v2\/users\/1"}],"replies":[{"embeddable":true,"href":"https:\/\/www.fuldaernachrichten.de\/index.php?rest_route=%2Fwp%2Fv2%2Fcomments&post=136332"}],"version-history":[{"count":1,"href":"https:\/\/www.fuldaernachrichten.de\/index.php?rest_route=\/wp\/v2\/posts\/136332\/revisions"}],"predecessor-version":[{"id":136336,"href":"https:\/\/www.fuldaernachrichten.de\/index.php?rest_route=\/wp\/v2\/posts\/136332\/revisions\/136336"}],"wp:featuredmedia":[{"embeddable":true,"href":"https:\/\/www.fuldaernachrichten.de\/index.php?rest_route=\/wp\/v2\/media\/136335"}],"wp:attachment":[{"href":"https:\/\/www.fuldaernachrichten.de\/index.php?rest_route=%2Fwp%2Fv2%2Fmedia&parent=136332"}],"wp:term":[{"taxonomy":"category","embeddable":true,"href":"https:\/\/www.fuldaernachrichten.de\/index.php?rest_route=%2Fwp%2Fv2%2Fcategories&post=136332"},{"taxonomy":"post_tag","embeddable":true,"href":"https:\/\/www.fuldaernachrichten.de\/index.php?rest_route=%2Fwp%2Fv2%2Ftags&post=136332"}],"curies":[{"name":"wp","href":"https:\/\/api.w.org\/{rel}","templated":true}]}}